{"id":9793,"date":"2020-10-14T15:00:40","date_gmt":"2020-10-14T18:00:40","guid":{"rendered":"https:\/\/hostnetart.com.br\/baixada\/presidenta-da-contrat-cut-fala-nesta-quinta-15-sobre-dia-nacional-de-luta-contra-as-demissoes\/"},"modified":"2020-10-14T15:00:40","modified_gmt":"2020-10-14T18:00:40","slug":"presidenta-da-contrat-cut-fala-nesta-quinta-15-sobre-dia-nacional-de-luta-contra-as-demissoes","status":"publish","type":"post","link":"https:\/\/hostnetart.com.br\/baixada\/presidenta-da-contrat-cut-fala-nesta-quinta-15-sobre-dia-nacional-de-luta-contra-as-demissoes\/","title":{"rendered":"Presidenta da Contrat-CUT fala nesta quinta (15) sobre Dia Nacional de Luta Contra as Demiss\u00f5es"},"content":{"rendered":"<div class=\"elementor-element elementor-element-194680ec elementor-widget elementor-widget-theme-post-content\" data-id=\"194680ec\" data-element_type=\"widget\" data-widget_type=\"theme-post-content.default\">\n<div class=\"elementor-widget-container\">\n<p>A presidenta da confedera\u00e7\u00e3o Nacional dos Trabalhadores no Ramo financeiro, (Contraf-CUT), Juvandia Moreira, vai fazer uma live nesta quinta-feira (15) no Madruga Banc\u00e1rio. O tema ser\u00e1 o Dia Nacional de Luta Contra as Demiss\u00f5es nos Bancos, que acontecer\u00e1 na mesma quinta. A participa\u00e7\u00e3o ser\u00e1 a partir das 20h (@madruga banc\u00e1rio).<\/p>\n<p>Madruga Banc\u00e1rio \u00e9 um perfil no Instagram com 55 mil seguidores, que chama a aten\u00e7\u00e3o por brincar com o cotidiano dos banc\u00e1rios no ambiente de trabalho. Entre os temas abordados est\u00e3o as metas alt\u00edssimas, situa\u00e7\u00f5es hil\u00e1rias com clientes e at\u00e9 mesmo na virada do m\u00eas quando cai o VR. Agora, as demiss\u00f5es entram no foco do Madruga.<\/p>\n<p>O Dia Nacional de Luta Contra as Demiss\u00f5es dos Bancos \u00e9 uma den\u00fancia sobre a quebra de compromisso das institui\u00e7\u00f5es banc\u00e1rias de n\u00e3o demitir durante a pandemia do Covid 19. O compromisso foi firmado com o movimento sindical banc\u00e1rio no primeiro semestre deste ano, logo no in\u00edcio da pandemia.<\/p>\n<p>A pandemia n\u00e3o acabou, mas o Santander demitiu mais de mil banc\u00e1rixs em 2020. Outras 400 demiss\u00f5es foram feitas pelo Ita\u00fa e o Bradesco se nega a cancelar as 427 demiss\u00f5es realizadas at\u00e9 o momento. O Banco Mercantil do Brasil demitiu 18 banc\u00e1rixs somente em setembro. Desde o in\u00edcio do m\u00eas est\u00e3o sendo realizadas manifesta\u00e7\u00f5es de protestos em frente a ag\u00eancias banc\u00e1rias, tuita\u00e7os para denunciar \u00e0 popula\u00e7\u00e3o a quebra de comisso dos bancos e outras a\u00e7\u00f5es nas redes sociais.<\/p>\n<p><strong>Fonte: Contraf-CUT<\/strong><\/p>\n<\/div>\n<\/div>\n","protected":false},"excerpt":{"rendered":"<p>A presidenta da confedera\u00e7\u00e3o Nacional dos Trabalhadores no Ramo financeiro, (Contraf-CUT), Juvandia Moreira, vai fazer uma live nesta quinta-feira (15) no Madruga Banc\u00e1rio. O tema ser\u00e1 o Dia Nacional de Luta Contra as Demiss\u00f5es nos Bancos, que acontecer\u00e1 na mesma quinta. A participa\u00e7\u00e3o ser\u00e1 a partir das 20h (@madruga banc\u00e1rio). Madruga Banc\u00e1rio \u00e9 um perfil [&hellip;]<\/p>\n","protected":false},"author":2,"featured_media":9792,"comment_status":"","ping_status":"","sticky":false,"template":"","format":"standard","meta":{"footnotes":""},"categories":[3],"tags":[],"class_list":["post-9793","post","type-post","status-publish","format-standard","has-post-thumbnail","hentry","category-noticias"],"_links":{"self":[{"href":"https:\/\/hostnetart.com.br\/baixada\/wp-json\/wp\/v2\/posts\/9793","targetHints":{"allow":["GET"]}}],"collection":[{"href":"https:\/\/hostnetart.com.br\/baixada\/wp-json\/wp\/v2\/posts"}],"about":[{"href":"https:\/\/hostnetart.com.br\/baixada\/wp-json\/wp\/v2\/types\/post"}],"author":[{"embeddable":true,"href":"https:\/\/hostnetart.com.br\/baixada\/wp-json\/wp\/v2\/users\/2"}],"replies":[{"embeddable":true,"href":"https:\/\/hostnetart.com.br\/baixada\/wp-json\/wp\/v2\/comments?post=9793"}],"version-history":[{"count":0,"href":"https:\/\/hostnetart.com.br\/baixada\/wp-json\/wp\/v2\/posts\/9793\/revisions"}],"wp:featuredmedia":[{"embeddable":true,"href":"https:\/\/hostnetart.com.br\/baixada\/wp-json\/wp\/v2\/media\/9792"}],"wp:attachment":[{"href":"https:\/\/hostnetart.com.br\/baixada\/wp-json\/wp\/v2\/media?parent=9793"}],"wp:term":[{"taxonomy":"category","embeddable":true,"href":"https:\/\/hostnetart.com.br\/baixada\/wp-json\/wp\/v2\/categories?post=9793"},{"taxonomy":"post_tag","embeddable":true,"href":"https:\/\/hostnetart.com.br\/baixada\/wp-json\/wp\/v2\/tags?post=9793"}],"curies":[{"name":"wp","href":"https:\/\/api.w.org\/{rel}","templated":true}]}}