{"id":9789,"date":"2020-10-14T14:37:53","date_gmt":"2020-10-14T17:37:53","guid":{"rendered":"https:\/\/hostnetart.com.br\/baixada\/pais-com-pior-cenario-da-pandemia-brasil-passa-dos-151-mil-mortos-por-covid-19\/"},"modified":"2020-10-14T14:37:53","modified_gmt":"2020-10-14T17:37:53","slug":"pais-com-pior-cenario-da-pandemia-brasil-passa-dos-151-mil-mortos-por-covid-19","status":"publish","type":"post","link":"https:\/\/hostnetart.com.br\/baixada\/pais-com-pior-cenario-da-pandemia-brasil-passa-dos-151-mil-mortos-por-covid-19\/","title":{"rendered":"Pa\u00eds com \u2018pior cen\u00e1rio\u2019 da pandemia, Brasil passa dos 151 mil mortos por covid-19"},"content":{"rendered":"<p>A pandemia de covid-19 \u00e9 a maior crise sanit\u00e1ria do mundo em mais de 100 anos. S\u00e3o oficialmente 38 milh\u00f5es de infectados e quase 1,6 milh\u00e3o de mortos no planeta. Deste total, o Brasil concentra cerca de 15% de casos (5.113.628) e 10% das v\u00edtimas (150.988).<\/p>\n<p>Hoje (13), o Conass \u2013 Conselho Nacional de Secret\u00e1rios de Sa\u00fade \u2013 divulgou novo balan\u00e7o da pandemia no per\u00edodo de 24 horas, contados a partir das 16h de ontem. Foram mais 309 mortes e 10.220 novos casos.<\/p>\n<p>Al\u00e9m do luto das fam\u00edlias das v\u00edtimas, os impactos provocados pela covid-19 no Brasil e no mundo se multiplicam. A superlota\u00e7\u00e3o de hospitais\u00a0<a href=\"https:\/\/www.redebrasilatual.com.br\/saude-e-ciencia\/2020\/07\/vida-saude-mulher-risco-doencas-negligenciadas\/\" target=\"_blank\" rel=\"noopener noreferrer\">aumentou a mortalidade infantil<\/a>; aumentaram os casos de doen\u00e7as psiqui\u00e1tricas a partir do confinamento prolongado; aprofundaram-se o desemprego e a extrema pobreza, entre outras consequ\u00eancias.<\/p>\n<h2><span style=\"text-decoration: underline;\">Medidas<\/span><\/h2>\n<p>De acordo com estudo do Banco Mundial, ap\u00f3s 20 anos de recuos t\u00edmidos, a extrema pobreza cresceu significativamente em 2020. Em 2019, a condi\u00e7\u00e3o atingia 7,9% da popula\u00e7\u00e3o mundial, enquanto em 2020, o percentual de deve ficar entre 9,1% e 9,4%. A entidade projeta que, a pandemia levar\u00e1 115 milh\u00f5es de pessoas a se tornarem miser\u00e1veis, enquanto os bilion\u00e1rios ficaram 27% mais ricos.<\/p>\n<h2><span style=\"text-decoration: underline;\">Brasil: pior cen\u00e1rio<\/span><\/h2>\n<p>Para a Organiza\u00e7\u00e3o das Na\u00e7\u00f5es Unidas (ONU), viver na extrema pobreza significa passar um dia com menos de US$ 1,90. Ao c\u00e2mbio de hoje, R$ 10,50. Ante da pandemia de covid-19 e o recuo na atividade econ\u00f4mica, Bolsonaro defendeu um Aux\u00edlio Emergencial de R$ 200 reais. O Congresso, por press\u00e3o popular e dos partidos de oposi\u00e7\u00e3o, elevou o programa para R$ 600.<\/p>\n<p>O Banco Mundial cobra metas para uma melhor distribui\u00e7\u00e3o da riqueza no mundo, sob alerta constante do crescimento da mis\u00e9ria e do n\u00e3o alcance das<a href=\"https:\/\/nacoesunidas.org\/conheca-os-novos-17-objetivos-de-desenvolvimento-sustentavel-da-onu\/\" target=\"_blank\" rel=\"noopener noreferrer\">\u00a0metas da ONU<\/a>\u00a0para o desenvolvimento sustent\u00e1vel em 2030. \u201cAnteriormente, entre\u00a02012\u00a0e\u00a02017,\u00a0havia ocorrido\u00a0crescimento de\u00a02,3%\u00a0na\u00a0prosperidade compartilhada.\u00a0Sem a\u00e7\u00f5es pol\u00edticas\u00a0para promover uma retomada econ\u00f4mica inclusiva, a\u00a0pandemia\u00a0pode desencadear ciclos de maior desigualdade de renda\u00a0e\u00a0menor mobilidade social entre os vulner\u00e1veis\u201d, disse, em nota, a ONU.<\/p>\n<p>A entidade alerta que os problemas v\u00e3o para al\u00e9m da pandemia em si. \u201cAntes da pandemia,\u00a0justamente por causa dos conflitos globais e das mudan\u00e7as no clima,\u00a0o progresso na redu\u00e7\u00e3o da pobreza global j\u00e1 estava\u00a0mais lento.\u00a0Entre 1990 e 2015, por exemplo, a\u00a0pobreza global caiu cerca de um\u00a0ponto percentual por ano. Esse ritmo diminuiu para menos de meio ponto percentual por ano entre 2015 e 2017.\u201d<\/p>\n<p><strong>Fonte: Rede Brasil Atual<\/strong><\/p>\n","protected":false},"excerpt":{"rendered":"<p>A pandemia de covid-19 \u00e9 a maior crise sanit\u00e1ria do mundo em mais de 100 anos. S\u00e3o oficialmente 38 milh\u00f5es de infectados e quase 1,6 milh\u00e3o de mortos no planeta. Deste total, o Brasil concentra cerca de 15% de casos (5.113.628) e 10% das v\u00edtimas (150.988). Hoje (13), o Conass \u2013 Conselho Nacional de Secret\u00e1rios [&hellip;]<\/p>\n","protected":false},"author":2,"featured_media":9788,"comment_status":"","ping_status":"","sticky":false,"template":"","format":"standard","meta":{"footnotes":""},"categories":[3],"tags":[],"class_list":["post-9789","post","type-post","status-publish","format-standard","has-post-thumbnail","hentry","category-noticias"],"_links":{"self":[{"href":"https:\/\/hostnetart.com.br\/baixada\/wp-json\/wp\/v2\/posts\/9789","targetHints":{"allow":["GET"]}}],"collection":[{"href":"https:\/\/hostnetart.com.br\/baixada\/wp-json\/wp\/v2\/posts"}],"about":[{"href":"https:\/\/hostnetart.com.br\/baixada\/wp-json\/wp\/v2\/types\/post"}],"author":[{"embeddable":true,"href":"https:\/\/hostnetart.com.br\/baixada\/wp-json\/wp\/v2\/users\/2"}],"replies":[{"embeddable":true,"href":"https:\/\/hostnetart.com.br\/baixada\/wp-json\/wp\/v2\/comments?post=9789"}],"version-history":[{"count":0,"href":"https:\/\/hostnetart.com.br\/baixada\/wp-json\/wp\/v2\/posts\/9789\/revisions"}],"wp:featuredmedia":[{"embeddable":true,"href":"https:\/\/hostnetart.com.br\/baixada\/wp-json\/wp\/v2\/media\/9788"}],"wp:attachment":[{"href":"https:\/\/hostnetart.com.br\/baixada\/wp-json\/wp\/v2\/media?parent=9789"}],"wp:term":[{"taxonomy":"category","embeddable":true,"href":"https:\/\/hostnetart.com.br\/baixada\/wp-json\/wp\/v2\/categories?post=9789"},{"taxonomy":"post_tag","embeddable":true,"href":"https:\/\/hostnetart.com.br\/baixada\/wp-json\/wp\/v2\/tags?post=9789"}],"curies":[{"name":"wp","href":"https:\/\/api.w.org\/{rel}","templated":true}]}}