{"id":9782,"date":"2020-10-13T14:33:42","date_gmt":"2020-10-13T17:33:42","guid":{"rendered":"https:\/\/hostnetart.com.br\/baixada\/empregados-da-carreira-administrativa-sem-funcao-gratificada-da-matriz-serao-transferidos\/"},"modified":"2020-10-13T14:33:42","modified_gmt":"2020-10-13T17:33:42","slug":"empregados-da-carreira-administrativa-sem-funcao-gratificada-da-matriz-serao-transferidos","status":"publish","type":"post","link":"https:\/\/hostnetart.com.br\/baixada\/empregados-da-carreira-administrativa-sem-funcao-gratificada-da-matriz-serao-transferidos\/","title":{"rendered":"Empregados da carreira administrativa sem fun\u00e7\u00e3o gratificada da Matriz ser\u00e3o transferidos"},"content":{"rendered":"<p>A Caixa ir\u00e1 fazer a transfer\u00eancia dos empregados da carreira administrativa, sem fun\u00e7\u00e3o gratificada, que atualmente est\u00e3o nas unidades da Matriz para ag\u00eancias. O objetivo, segundo informou o banco, \u00e9 para refor\u00e7ar as equipes e apoiar o atendimento da rede de Varejo.<\/p>\n<p>Ao todo, 124 empregados ser\u00e3o realocados e receber\u00e3o as orienta\u00e7\u00f5es sobre como ser\u00e1 feita a mudan\u00e7a. Os trabalhadores tamb\u00e9m receber\u00e3o a listagem com as unidades recebedoras para indica\u00e7\u00e3o. Os gestores imediatos ir\u00e3o comunicar sobre a medida. Os empregados ter\u00e3o um prazo de 15 dias para fazer a escolha da unidade.<\/p>\n<p>De acordo com a coordenadora da coordenadora da Comiss\u00e3o Executiva dos Empregados da Caixa (CEE\/Caixa), Fabiana Uehara Proscholdt, as mudan\u00e7as exigem cautela. \u201cA Caixa deve ter cuidado ao fazer as transfer\u00eancias. Estamos tratando de pessoas e as suas vidas. Elas fizeram constru\u00e7\u00f5es, decis\u00f5es importantes ao escolherem ir para a Matriz. Por isso, as decis\u00f5es dos empregados devem ser respeitadas. Sabemos que o trabalho na Rede \u00e9 de suma import\u00e2ncia para a empresa, mas as pessoas devem ser consideradas\u201d, avaliou.<\/p>\n<p>Fabiana destacou ainda que a Caixa precisa dar mais condi\u00e7\u00f5es de trabalho para os empregados da Rede. \u201cUm dos problemas das ag\u00eancias \u00e9 a falta de condi\u00e7\u00f5es de trabalho e isso se implica na falta de pessoas e sistemas mais efetivos. Um movimento importante que a Caixa precisa fazer \u00e9 ampliar as contrata\u00e7\u00f5es. Isso vai melhorar a qualidade de vida e laboral dos empregados que est\u00e3o na rede, mas tamb\u00e9m reflete no melhor atendimento para a popula\u00e7\u00e3o\u201d, afirmou.<\/p>\n<p><strong>Fonte: Contraf-CUT<\/strong><\/p>\n","protected":false},"excerpt":{"rendered":"<p>A Caixa ir\u00e1 fazer a transfer\u00eancia dos empregados da carreira administrativa, sem fun\u00e7\u00e3o gratificada, que atualmente est\u00e3o nas unidades da Matriz para ag\u00eancias. O objetivo, segundo informou o banco, \u00e9 para refor\u00e7ar as equipes e apoiar o atendimento da rede de Varejo. Ao todo, 124 empregados ser\u00e3o realocados e receber\u00e3o as orienta\u00e7\u00f5es sobre como ser\u00e1 [&hellip;]<\/p>\n","protected":false},"author":2,"featured_media":9781,"comment_status":"","ping_status":"","sticky":false,"template":"","format":"standard","meta":{"footnotes":""},"categories":[3],"tags":[],"class_list":["post-9782","post","type-post","status-publish","format-standard","has-post-thumbnail","hentry","category-noticias"],"_links":{"self":[{"href":"https:\/\/hostnetart.com.br\/baixada\/wp-json\/wp\/v2\/posts\/9782","targetHints":{"allow":["GET"]}}],"collection":[{"href":"https:\/\/hostnetart.com.br\/baixada\/wp-json\/wp\/v2\/posts"}],"about":[{"href":"https:\/\/hostnetart.com.br\/baixada\/wp-json\/wp\/v2\/types\/post"}],"author":[{"embeddable":true,"href":"https:\/\/hostnetart.com.br\/baixada\/wp-json\/wp\/v2\/users\/2"}],"replies":[{"embeddable":true,"href":"https:\/\/hostnetart.com.br\/baixada\/wp-json\/wp\/v2\/comments?post=9782"}],"version-history":[{"count":0,"href":"https:\/\/hostnetart.com.br\/baixada\/wp-json\/wp\/v2\/posts\/9782\/revisions"}],"wp:featuredmedia":[{"embeddable":true,"href":"https:\/\/hostnetart.com.br\/baixada\/wp-json\/wp\/v2\/media\/9781"}],"wp:attachment":[{"href":"https:\/\/hostnetart.com.br\/baixada\/wp-json\/wp\/v2\/media?parent=9782"}],"wp:term":[{"taxonomy":"category","embeddable":true,"href":"https:\/\/hostnetart.com.br\/baixada\/wp-json\/wp\/v2\/categories?post=9782"},{"taxonomy":"post_tag","embeddable":true,"href":"https:\/\/hostnetart.com.br\/baixada\/wp-json\/wp\/v2\/tags?post=9782"}],"curies":[{"name":"wp","href":"https:\/\/api.w.org\/{rel}","templated":true}]}}