{"id":977,"date":"2015-06-25T14:20:00","date_gmt":"2015-06-25T17:20:00","guid":{"rendered":"https:\/\/hostnetart.com.br\/baixada\/pauta-especifica-de-reivindicacoes-e-entregue-ao-bradesco\/"},"modified":"2015-06-25T14:20:00","modified_gmt":"2015-06-25T17:20:00","slug":"pauta-especifica-de-reivindicacoes-e-entregue-ao-bradesco","status":"publish","type":"post","link":"https:\/\/hostnetart.com.br\/baixada\/pauta-especifica-de-reivindicacoes-e-entregue-ao-bradesco\/","title":{"rendered":"Pauta espec\u00edfica de reivindica\u00e7\u00f5es \u00e9 entregue ao Bradesco"},"content":{"rendered":"<p>Nesta ter\u00e7a-feira (23), em reuni\u00e3o realizada na sede do banco, na Cidade de Deus, foi entregue a minuta da pauta de reivindica\u00e7\u00f5es espec\u00edficas dos funcion\u00e1rios do banco. Essa pauta foi definida pela COE do Bradesco no Encontro Nacional dos Funcion\u00e1rios de Bancos Privados, organizado pela Contraf-CUT, entre os dias 26 e 27 de maio, em S\u00e3o Paulo. Participaram da reuni\u00e3o o coordenador da Comiss\u00e3o de Organiza\u00e7\u00e3o dos Empregados do Bradesco (COE), Gheorge Vitti e a presidente do Sindicato dos Banc\u00e1rios de S\u00e3o Paulo, Juvandia Moreira. O documento foi entregue para a diretora de Recursos Humanos do banco, Glaucimar Peticov.<\/p>\n<p>Ficou definido, durante essa primeira reuni\u00e3o, que em 16 de julho haver\u00e1 a primeira rodada de negocia\u00e7\u00f5es da pauta espec\u00edfica com os seguintes temas:<\/p>\n<p>Reabilita\u00e7\u00e3o Profissional \u2013 Esse tema j\u00e1 foi motivo de debates em outras campanhas de valoriza\u00e7\u00e3o dos funcion\u00e1rios e trata do retorno do trabalhador adoentado para o local de trabalho;<\/p>\n<p>Parcelamento de F\u00e9rias \u2013 A reivindica\u00e7\u00e3o dos funcion\u00e1rios \u00e9 de que ap\u00f3s o retorno das f\u00e9rias, o sal\u00e1rio seja pago integralmente e descontado em parcelas mensais sem juros;<\/p>\n<p>Sa\u00fade e Condi\u00e7\u00f5es dos Locais de Trabalho \u2013 Nesse item ser\u00e1 discutido o combate ao ass\u00e9dio moral, o cerceamento no atendimento banc\u00e1rio, as metas abusivas e o novo reenquadramento nas contas \u201cexclusive\u201d no qual os banc\u00e1rios t\u00eam metas di\u00e1rias, acumulando com outros servi\u00e7os.<\/p>\n<p>Outros pontos da pauta de reivindica\u00e7\u00f5es como emprego, mais contrata\u00e7\u00f5es, aux\u00edlio educa\u00e7\u00e3o (que \u00e9 o \u00fanico banco que ainda n\u00e3o paga), PCCS, Plano de Sa\u00fade entre outros, ser\u00e3o negociados em uma segunda rodada a ser agendada.<\/p>\n<p>\u201cEssa entrega da Pauta de Reivindica\u00e7\u00f5es espec\u00edficas que fizemos hoje \u00e9 muito importante para o processo de valoriza\u00e7\u00e3o dos funcion\u00e1rios do banco. No entanto, \u00e9 fundamental que os banc\u00e1rios do Bradesco estejam juntos nessa luta para mostrar a nossa for\u00e7a e conquistarmos melhores condi\u00e7\u00f5es de trabalho\u201d, disse Gheorge Vitti.<\/p>\n<p>Para Juvandia Moreira, os funcion\u00e1rios do Bradesco est\u00e3o com sobrecarga de trabalho e, por isso, a negocia\u00e7\u00e3o com o banco dos itens da pauta de reivindica\u00e7\u00f5es \u00e9 muito importante. \u201cA cobran\u00e7a por metas, as vendas de produtos o reenquadramento nas contas \u201cexclusive\u201d, al\u00e9m das condi\u00e7\u00f5es de trabalho est\u00e3o levando os banc\u00e1rios a situa\u00e7\u00f5es extremas, causando inclusive doen\u00e7as. Portanto, \u00e9 obriga\u00e7\u00e3o do banco negociar e atender os itens da pauta de reivindica\u00e7\u00f5es\u201d, disse Juvandia.<\/p>\n<p>Dia Nacional de Luta<br \/>Nesta ter\u00e7a, os banc\u00e1rios realizaram um Dia Nacional de Luta com manifesta\u00e7\u00f5es em todo o Pa\u00eds, dando in\u00edcio a mobiliza\u00e7\u00e3o da Campanha Nacional 2015 e tamb\u00e9m para pressionar o banco nas negocia\u00e7\u00f5es da Pauta Espec\u00edfica.<\/p>\n<p>\u201cA inten\u00e7\u00e3o desse dia de luta \u00e9 mostrar claramente ao banco a nossa insatisfa\u00e7\u00e3o e dar uma demonstra\u00e7\u00e3o da nossa for\u00e7a\u201d, afirma Gheorge Vitti. Segundo ele, mesmo tendo apresentado lucro l\u00edquido de R$ 4,2 bilh\u00f5es no primeiro trimestre de 2015, o Bradesco imp\u00f5e m\u00e1s condi\u00e7\u00f5es de trabalho a seus empregados e impede o acesso ao atendimento a popula\u00e7\u00e3o mais pobre. \u201cO banco tem plenas condi\u00e7\u00f5es de atender \u00e0s nossas reivindica\u00e7\u00f5es. Vamos nos empenhar muito nessa luta\u201d, destacou.<\/p>\n<p>Fonte: Rede de Comunica\u00e7\u00e3o dos Banc\u00e1rios<\/p>\n","protected":false},"excerpt":{"rendered":"<p>Nesta ter\u00e7a-feira (23), em reuni\u00e3o realizada na sede do banco, na Cidade de Deus, foi entregue a minuta da pauta de reivindica\u00e7\u00f5es espec\u00edficas dos funcion\u00e1rios do banco. Essa pauta foi definida pela COE do Bradesco no Encontro Nacional dos Funcion\u00e1rios de Bancos Privados, organizado pela Contraf-CUT, entre os dias 26 e 27 de maio, em [&hellip;]<\/p>\n","protected":false},"author":1,"featured_media":976,"comment_status":"","ping_status":"","sticky":false,"template":"","format":"standard","meta":{"footnotes":""},"categories":[3],"tags":[],"class_list":["post-977","post","type-post","status-publish","format-standard","has-post-thumbnail","hentry","category-noticias"],"_links":{"self":[{"href":"https:\/\/hostnetart.com.br\/baixada\/wp-json\/wp\/v2\/posts\/977","targetHints":{"allow":["GET"]}}],"collection":[{"href":"https:\/\/hostnetart.com.br\/baixada\/wp-json\/wp\/v2\/posts"}],"about":[{"href":"https:\/\/hostnetart.com.br\/baixada\/wp-json\/wp\/v2\/types\/post"}],"author":[{"embeddable":true,"href":"https:\/\/hostnetart.com.br\/baixada\/wp-json\/wp\/v2\/users\/1"}],"replies":[{"embeddable":true,"href":"https:\/\/hostnetart.com.br\/baixada\/wp-json\/wp\/v2\/comments?post=977"}],"version-history":[{"count":0,"href":"https:\/\/hostnetart.com.br\/baixada\/wp-json\/wp\/v2\/posts\/977\/revisions"}],"wp:featuredmedia":[{"embeddable":true,"href":"https:\/\/hostnetart.com.br\/baixada\/wp-json\/wp\/v2\/media\/976"}],"wp:attachment":[{"href":"https:\/\/hostnetart.com.br\/baixada\/wp-json\/wp\/v2\/media?parent=977"}],"wp:term":[{"taxonomy":"category","embeddable":true,"href":"https:\/\/hostnetart.com.br\/baixada\/wp-json\/wp\/v2\/categories?post=977"},{"taxonomy":"post_tag","embeddable":true,"href":"https:\/\/hostnetart.com.br\/baixada\/wp-json\/wp\/v2\/tags?post=977"}],"curies":[{"name":"wp","href":"https:\/\/api.w.org\/{rel}","templated":true}]}}