{"id":9759,"date":"2020-10-08T15:24:48","date_gmt":"2020-10-08T18:24:48","guid":{"rendered":"https:\/\/hostnetart.com.br\/baixada\/sem-controle-da-pandemia-brasil-passa-dos-5-milhoes-de-infectados-por-covid-19\/"},"modified":"2020-10-08T15:24:48","modified_gmt":"2020-10-08T18:24:48","slug":"sem-controle-da-pandemia-brasil-passa-dos-5-milhoes-de-infectados-por-covid-19","status":"publish","type":"post","link":"https:\/\/hostnetart.com.br\/baixada\/sem-controle-da-pandemia-brasil-passa-dos-5-milhoes-de-infectados-por-covid-19\/","title":{"rendered":"Sem controle da pandemia, Brasil passa dos 5 milh\u00f5es de infectados por covid-19"},"content":{"rendered":"<p>Com o acr\u00e9scimo de 31.553 novos casos oficialmente registrados de covid-19 nas \u00faltimas 24 horas, o Brasil superou, nesta quarta (7) a marca de 5 milh\u00f5es de infectados pelo novo coronav\u00edrus. Os dados s\u00e3o fornecidos pelo Conselho Nacional dos Secret\u00e1rios de Sa\u00fade (<a href=\"https:\/\/twitter.com\/ConassOficial\/status\/1313947288620994560\" target=\"_blank\" rel=\"noopener noreferrer\">Conass<\/a>). No per\u00edodo, foram mais 734 mortos pela doen\u00e7a. Com isso, s\u00e3o 148.228 v\u00edtimas desde o in\u00edcio do surto no pa\u00eds, em mar\u00e7o. O total de casos soma exatos 5.000.694 infectados.<\/p>\n<p>Os n\u00fameros revelam que o cen\u00e1rio da pandemia no Brasil segue entre os piores do mundo. Em n\u00fameros totais, apenas os Estados Unidos contam mais v\u00edtimas do que o pa\u00eds latino-americano. J\u00e1 em rela\u00e7\u00e3o aos infectados, al\u00e9m dos norte-americanos, apenas a \u00cdndia supera o Brasil. O pa\u00eds asi\u00e1tico tem a popula\u00e7\u00e3o mais de seis vezes maior.<\/p>\n<p>A pandemia de covid-19 \u00e9 a maior crise sanit\u00e1ria da humanidade em mais de 100 anos, ap\u00f3s a Gripe Espanhola de 1918. Entretanto, a gravidade do cen\u00e1rio n\u00e3o foi considerada por parte da classe pol\u00edtica brasileira. Em especial o governo federal. O presidente,\u00a0<a href=\"https:\/\/www.redebrasilatual.com.br\/saude-e-ciencia\/2020\/10\/em-desaparecidos-da-covid-19-cientistas-denunciam-o-descaso-de-bolsonaro-pela-pandemia\/\" target=\"_blank\" rel=\"noopener noreferrer\">Jair Bolsonaro, desde o in\u00edcio do surto, minimizou a doen\u00e7a<\/a>, negou a ci\u00eancia e trabalhou contra as medidas de controle.<\/p>\n<p>Contrariando indica\u00e7\u00f5es da ci\u00eancia e da Organiza\u00e7\u00e3o Mundial da Sa\u00fade (OMS), o Brasil \u00e9 um dos pa\u00edses do mundo que menos testa para a covid-19; menos de 9% da popula\u00e7\u00e3o passou por algum exame do tipo. O resultado \u00e9 uma<a href=\"https:\/\/www.redebrasilatual.com.br\/saude-e-ciencia\/2020\/10\/covid-19-brasil-200-mil-mortos-denuncia-epidemiologista\/\" target=\"_blank\" rel=\"noopener noreferrer\">\u00a0imensa subnotifica\u00e7\u00e3o de casos e mortos<\/a>.<\/p>\n<h2><span style=\"text-decoration: underline;\">Falta de a\u00e7\u00f5es<\/span><\/h2>\n<p>As medidas mais intensivas de isolamento social s\u00e3o indicadas, prioritariamente, para que n\u00e3o houvesse colapsos em sistemas de sa\u00fade, como visto em Manaus. \u201cLockdown inicial \u00e9 um passo importante pra reacomodar o sistema de sa\u00fade (como abrir novos leitos)\u201d, explica o doutor em microbiologia e divulgador cient\u00edfico Atila Iamarino.<\/p>\n<p>De fato, pa\u00edses como o Uruguai (2.117 casos e 49 mortes) n\u00e3o adotaram isolamentos obrigat\u00f3rios t\u00e3o intensivos e conseguiram controlar a doen\u00e7a. O bom resultado veio a partir do uso do bom sistema p\u00fablico de sa\u00fade para efetuar rastreio de cont\u00e1gios e isolamentos localizados. No Brasil, a grande estrutura do SUS poderia ter sido usada com a mesma finalidade, mas faltou coordena\u00e7\u00e3o do governo federal no combate \u00e0 doen\u00e7a.<\/p>\n<p>Atila afirma tamb\u00e9m que isolamentos radicais prolongados s\u00e3o insustent\u00e1veis, mesmo do ponto de vista da sa\u00fade p\u00fablica e econ\u00f4mica. \u201d \u00c9 como come\u00e7ar uma maratona com um\u00a0<em>sprint<\/em>. A longo prazo, rastreio de contatos e fechamento pontual funcionam melhor. N\u00e3o fazemos nenhum dos dois\u201d, finalizou.<\/p>\n<p><strong>Fonte: Rede Brasil Atual<\/strong><\/p>\n","protected":false},"excerpt":{"rendered":"<p>Com o acr\u00e9scimo de 31.553 novos casos oficialmente registrados de covid-19 nas \u00faltimas 24 horas, o Brasil superou, nesta quarta (7) a marca de 5 milh\u00f5es de infectados pelo novo coronav\u00edrus. Os dados s\u00e3o fornecidos pelo Conselho Nacional dos Secret\u00e1rios de Sa\u00fade (Conass). No per\u00edodo, foram mais 734 mortos pela doen\u00e7a. Com isso, s\u00e3o 148.228 [&hellip;]<\/p>\n","protected":false},"author":2,"featured_media":9758,"comment_status":"","ping_status":"","sticky":false,"template":"","format":"standard","meta":{"footnotes":""},"categories":[3],"tags":[],"class_list":["post-9759","post","type-post","status-publish","format-standard","has-post-thumbnail","hentry","category-noticias"],"_links":{"self":[{"href":"https:\/\/hostnetart.com.br\/baixada\/wp-json\/wp\/v2\/posts\/9759","targetHints":{"allow":["GET"]}}],"collection":[{"href":"https:\/\/hostnetart.com.br\/baixada\/wp-json\/wp\/v2\/posts"}],"about":[{"href":"https:\/\/hostnetart.com.br\/baixada\/wp-json\/wp\/v2\/types\/post"}],"author":[{"embeddable":true,"href":"https:\/\/hostnetart.com.br\/baixada\/wp-json\/wp\/v2\/users\/2"}],"replies":[{"embeddable":true,"href":"https:\/\/hostnetart.com.br\/baixada\/wp-json\/wp\/v2\/comments?post=9759"}],"version-history":[{"count":0,"href":"https:\/\/hostnetart.com.br\/baixada\/wp-json\/wp\/v2\/posts\/9759\/revisions"}],"wp:featuredmedia":[{"embeddable":true,"href":"https:\/\/hostnetart.com.br\/baixada\/wp-json\/wp\/v2\/media\/9758"}],"wp:attachment":[{"href":"https:\/\/hostnetart.com.br\/baixada\/wp-json\/wp\/v2\/media?parent=9759"}],"wp:term":[{"taxonomy":"category","embeddable":true,"href":"https:\/\/hostnetart.com.br\/baixada\/wp-json\/wp\/v2\/categories?post=9759"},{"taxonomy":"post_tag","embeddable":true,"href":"https:\/\/hostnetart.com.br\/baixada\/wp-json\/wp\/v2\/tags?post=9759"}],"curies":[{"name":"wp","href":"https:\/\/api.w.org\/{rel}","templated":true}]}}