{"id":9757,"date":"2020-10-08T15:23:39","date_gmt":"2020-10-08T18:23:39","guid":{"rendered":"https:\/\/hostnetart.com.br\/baixada\/mp-995-sera-tema-de-live-da-contraf-cut-nesta-5-feira-8\/"},"modified":"2020-10-08T15:23:39","modified_gmt":"2020-10-08T18:23:39","slug":"mp-995-sera-tema-de-live-da-contraf-cut-nesta-5-feira-8","status":"publish","type":"post","link":"https:\/\/hostnetart.com.br\/baixada\/mp-995-sera-tema-de-live-da-contraf-cut-nesta-5-feira-8\/","title":{"rendered":"MP 995 ser\u00e1 tema de Live da Contraf-CUT nesta 5\u00aa feira (8)"},"content":{"rendered":"<p>A Contraf-CUT transmite nesta quinta-feira (8), ao vivo, a partir das 19h30, um debate sobre a Medida Provis\u00f3ria 995\/2020, que coloca em risco a Caixa Econ\u00f4mica Federal, a soberania nacional e o emprego dos trabalhadores da Caixa.<\/p>\n<p>O debate contar\u00e1 com a participa\u00e7\u00e3o do deputado federal Enio Verri (PT\/PR), da conselheira Administrativa da Caixa e coordenadora do Comit\u00ea Nacional em Defesa das Empresas P\u00fablicas, Maria Rita Serrano, e do dirigente da Federa\u00e7\u00e3o dos Banc\u00e1rios de S\u00e3o Paulo (Fetec-CUT\/SP) e da Associa\u00e7\u00e3o do Pessoal da Caixa no Estado de S\u00e3o Paulo (Apcef\/SP), Leonardo Quadros.<\/p>\n<p>A transmiss\u00e3o ser\u00e1 realizada pelo\u00a0<a href=\"https:\/\/www.facebook.com\/contrafcut\" target=\"_blank\" rel=\"noopener noreferrer\">Facebook<\/a>\u00a0e\u00a0<a href=\"https:\/\/www.youtube.com\/tvcontraf\" target=\"_blank\" rel=\"noopener noreferrer\">Youtube<\/a>\u00a0da Contraf-CUT.<\/p>\n<p><strong>Fonte: Contraf-CUT<\/strong><\/p>\n","protected":false},"excerpt":{"rendered":"<p>A Contraf-CUT transmite nesta quinta-feira (8), ao vivo, a partir das 19h30, um debate sobre a Medida Provis\u00f3ria 995\/2020, que coloca em risco a Caixa Econ\u00f4mica Federal, a soberania nacional e o emprego dos trabalhadores da Caixa. O debate contar\u00e1 com a participa\u00e7\u00e3o do deputado federal Enio Verri (PT\/PR), da conselheira Administrativa da Caixa e [&hellip;]<\/p>\n","protected":false},"author":2,"featured_media":9756,"comment_status":"","ping_status":"","sticky":false,"template":"","format":"standard","meta":{"footnotes":""},"categories":[3],"tags":[],"class_list":["post-9757","post","type-post","status-publish","format-standard","has-post-thumbnail","hentry","category-noticias"],"_links":{"self":[{"href":"https:\/\/hostnetart.com.br\/baixada\/wp-json\/wp\/v2\/posts\/9757","targetHints":{"allow":["GET"]}}],"collection":[{"href":"https:\/\/hostnetart.com.br\/baixada\/wp-json\/wp\/v2\/posts"}],"about":[{"href":"https:\/\/hostnetart.com.br\/baixada\/wp-json\/wp\/v2\/types\/post"}],"author":[{"embeddable":true,"href":"https:\/\/hostnetart.com.br\/baixada\/wp-json\/wp\/v2\/users\/2"}],"replies":[{"embeddable":true,"href":"https:\/\/hostnetart.com.br\/baixada\/wp-json\/wp\/v2\/comments?post=9757"}],"version-history":[{"count":0,"href":"https:\/\/hostnetart.com.br\/baixada\/wp-json\/wp\/v2\/posts\/9757\/revisions"}],"wp:featuredmedia":[{"embeddable":true,"href":"https:\/\/hostnetart.com.br\/baixada\/wp-json\/wp\/v2\/media\/9756"}],"wp:attachment":[{"href":"https:\/\/hostnetart.com.br\/baixada\/wp-json\/wp\/v2\/media?parent=9757"}],"wp:term":[{"taxonomy":"category","embeddable":true,"href":"https:\/\/hostnetart.com.br\/baixada\/wp-json\/wp\/v2\/categories?post=9757"},{"taxonomy":"post_tag","embeddable":true,"href":"https:\/\/hostnetart.com.br\/baixada\/wp-json\/wp\/v2\/tags?post=9757"}],"curies":[{"name":"wp","href":"https:\/\/api.w.org\/{rel}","templated":true}]}}