{"id":9755,"date":"2020-10-07T21:37:23","date_gmt":"2020-10-08T00:37:23","guid":{"rendered":"https:\/\/hostnetart.com.br\/baixada\/sindicatos-da-fetraf-rj-es-se-reunem-para-debater-demissoes-no-bradesco\/"},"modified":"2020-10-07T21:37:23","modified_gmt":"2020-10-08T00:37:23","slug":"sindicatos-da-fetraf-rj-es-se-reunem-para-debater-demissoes-no-bradesco","status":"publish","type":"post","link":"https:\/\/hostnetart.com.br\/baixada\/sindicatos-da-fetraf-rj-es-se-reunem-para-debater-demissoes-no-bradesco\/","title":{"rendered":"Sindicatos da Fetraf RJ\/ES se re\u00fanem para debater demiss\u00f5es no Bradesco"},"content":{"rendered":"<p>Representantes dos 13 Sindicatos da base da Federa\u00e7\u00e3o dos Trabalhadores do Ramo Financeiro dos Estados do Rio de Janeiro e Esp\u00edrito Santo se reuniram, virtualmente, na tarde desta quarta-feira (7), para debater as demiss\u00f5es que vem ocorrendo no Banco Bradesco.<\/p>\n<div dir=\"auto\">O Sindicato dos Banc\u00e1rios da Baixada Fluminense esteve representado pelos diretores Newton Fran\u00e7a e Renata Soeiro.<\/div>\n<div dir=\"auto\">As demiss\u00f5es contrariam o compromisso da dire\u00e7\u00e3o do Bradesco, assim como todos os outros grandes bancos brasileiros, de n\u00e3o demitir durante a pandemia do coronav\u00edrus (Covid-19).<\/p>\n<p>O Bradesco foi a companhia aberta com os maiores lucros da Am\u00e9rica Latina nesse primeiro semestre. Foram mais de R$ 7 bilh\u00f5es.<\/p>\n<p>&#8220;Ser\u00e1 que a pandemia acabou e n\u00e3o fomos avisados?&#8221;, questionou o Presidente da Fetraf RJ\/ES, Nilton Dami\u00e3o Esperan\u00e7a.<\/p>\n<p>Na reuni\u00e3o tamb\u00e9m foi definido que ocorrer\u00e1 um Dia Nacional de Luta, com diversas manifesta\u00e7\u00f5es e atos dos sindicatos em protesto contra essas demiss\u00f5es e desrespeito com trabalhadoras e trabalhadores.<\/p>\n<p>\u201c\u00c9 muito importante que todos os sindicatos da nossa base participem com empenho destas manifesta\u00e7\u00f5es, para que sintam que a falta de responsabilidade social dos bancos, n\u00e3o est\u00e1 passando despercebida. Assim como a promessa de n\u00e3o-demiss\u00e3o que n\u00e3o est\u00e1 sendo cumprida.\u201d &#8211; acrescentou Nilton Dami\u00e3o.<\/p>\n<p>Al\u00e9m da Baixada Fluminense, participaram da reuni\u00e3o virtual, representantes dos Sindicatos dos Banc\u00e1rios de Angra dos Reis, Campos dos Goytacazes, Esp\u00edrito Santo, Itaperuna, Maca\u00e9, Niter\u00f3i, Nova Friburgo, Petr\u00f3polis, Rio de Janeiro, Sul Fluminense, Teres\u00f3polis e Tr\u00eas Rios.<\/p><\/div>\n","protected":false},"excerpt":{"rendered":"<p>Representantes dos 13 Sindicatos da base da Federa\u00e7\u00e3o dos Trabalhadores do Ramo Financeiro dos Estados do Rio de Janeiro e Esp\u00edrito Santo se reuniram, virtualmente, na tarde desta quarta-feira (7), para debater as demiss\u00f5es que vem ocorrendo no Banco Bradesco. O Sindicato dos Banc\u00e1rios da Baixada Fluminense esteve representado pelos diretores Newton Fran\u00e7a e Renata [&hellip;]<\/p>\n","protected":false},"author":2,"featured_media":9754,"comment_status":"","ping_status":"","sticky":false,"template":"","format":"standard","meta":{"footnotes":""},"categories":[3],"tags":[],"class_list":["post-9755","post","type-post","status-publish","format-standard","has-post-thumbnail","hentry","category-noticias"],"_links":{"self":[{"href":"https:\/\/hostnetart.com.br\/baixada\/wp-json\/wp\/v2\/posts\/9755","targetHints":{"allow":["GET"]}}],"collection":[{"href":"https:\/\/hostnetart.com.br\/baixada\/wp-json\/wp\/v2\/posts"}],"about":[{"href":"https:\/\/hostnetart.com.br\/baixada\/wp-json\/wp\/v2\/types\/post"}],"author":[{"embeddable":true,"href":"https:\/\/hostnetart.com.br\/baixada\/wp-json\/wp\/v2\/users\/2"}],"replies":[{"embeddable":true,"href":"https:\/\/hostnetart.com.br\/baixada\/wp-json\/wp\/v2\/comments?post=9755"}],"version-history":[{"count":0,"href":"https:\/\/hostnetart.com.br\/baixada\/wp-json\/wp\/v2\/posts\/9755\/revisions"}],"wp:featuredmedia":[{"embeddable":true,"href":"https:\/\/hostnetart.com.br\/baixada\/wp-json\/wp\/v2\/media\/9754"}],"wp:attachment":[{"href":"https:\/\/hostnetart.com.br\/baixada\/wp-json\/wp\/v2\/media?parent=9755"}],"wp:term":[{"taxonomy":"category","embeddable":true,"href":"https:\/\/hostnetart.com.br\/baixada\/wp-json\/wp\/v2\/categories?post=9755"},{"taxonomy":"post_tag","embeddable":true,"href":"https:\/\/hostnetart.com.br\/baixada\/wp-json\/wp\/v2\/tags?post=9755"}],"curies":[{"name":"wp","href":"https:\/\/api.w.org\/{rel}","templated":true}]}}