{"id":9749,"date":"2020-10-06T19:05:05","date_gmt":"2020-10-06T22:05:05","guid":{"rendered":"https:\/\/hostnetart.com.br\/baixada\/o-risco-e-o-medo-banqueiros-ante-o-fracasso-da-agenda-neoliberal\/"},"modified":"2020-10-06T19:05:05","modified_gmt":"2020-10-06T22:05:05","slug":"o-risco-e-o-medo-banqueiros-ante-o-fracasso-da-agenda-neoliberal","status":"publish","type":"post","link":"https:\/\/hostnetart.com.br\/baixada\/o-risco-e-o-medo-banqueiros-ante-o-fracasso-da-agenda-neoliberal\/","title":{"rendered":"O risco e o medo: banqueiros ante o fracasso da agenda neoliberal"},"content":{"rendered":"<p>Uma frase pronunciada por uma fonte do jornal\u00a0<em><a href=\"https:\/\/valor.globo.com\/impresso\/noticia\/2020\/10\/05\/area-economica-perde-forca-e-teme-se-novo-risco-dilma.ghtml\" target=\"_blank\" rel=\"noopener noreferrer\">Valor<\/a><\/em>\u00a0com o intuito de ilustrar os rumos do atual conflito distributivo que op\u00f5e o teto dos gastos \u00e0s necessidades da popula\u00e7\u00e3o brasileira, usando o mote \u201cRisco Dilma\u201d, revela mais do que pretendia esconder. Qual \u00e9 o real temor de banqueiros e, portanto, o risco que eles n\u00e3o aceitam correr? O temor, sem d\u00favida, \u00e9 a perda dos privil\u00e9gios que, ao apoiar Bolsonaro, pretendiam de fato usufruir. Privil\u00e9gios financeiros, tribut\u00e1rios e or\u00e7ament\u00e1rios, que querem ver garantidos pelo governo Bolsonaro. Verdadeiras regalias cuja dimens\u00e3o est\u00e1 entre as principais causas de o Brasil ser um dos pa\u00edses mais desiguais do mundo.<\/p>\n<p>\u00c9 falso que o meu governo desrespeitou o equil\u00edbrio fiscal, como disse a fonte do jornal. At\u00e9 2014, quando fui reeleita, e mesmo em 2015 e 2016, quando sofri implac\u00e1vel sabotagem do Congresso, do mercado e da m\u00eddia, para desestabilizar o meu governo e ensejar um golpe sob a forma de impeachment sem crime de responsabilidade, a situa\u00e7\u00e3o fiscal do Brasil estava sob controle e era melhor que a de governos anteriores.<\/p>\n<p>Em 2014, o Brasil registrou\u00a0<a href=\"http:\/\/desemprego\/\" target=\"_blank\" rel=\"noopener noreferrer\">desemprego<\/a>\u00a0de apenas 4,8% e um recorde de US$ 380 bilh\u00f5es de reservas internacionais. Os n\u00fameros provam que a \u201cirresponsabilidade fiscal\u201d que atribu\u00edram ao meu governo \u00e9 uma mentira torpe: entre 2011 e 2014, as despesas prim\u00e1rias cresceram 3,7% ao ano, menos do que no segundo mandato de FHC (4,1% ao ano). Em 2015, apesar das pautas-bomba e do intenso boicote do Congresso, as despesas p\u00fablicas recuaram 2,5%. Tamb\u00e9m em 2015, j\u00e1 sob efeito da crise forjada pelo processo de impeachment, as d\u00edvidas l\u00edquida e bruta correspondiam a 35,6% e 71,7% , bem menores que no final do governo de Temer (53,6% e 87%) ou no primeiro ano de Bolsonaro (55,7% e 88,7%).<\/p>\n<p>Havia responsabilidade fiscal e investimentos para atender \u00e0 popula\u00e7\u00e3o. Os or\u00e7amentos da sa\u00fade e da educa\u00e7\u00e3o estavam crescendo em termos reais: mais de 13 milh\u00f5es de fam\u00edlias recebiam o Bolsa Fam\u00edlia, 18 mil profissionais do Mais M\u00e9dicos atuavam por todo o Brasil, a taxa de investimento oscilava em torno de 20%. T\u00ednhamos uma agenda de desenvolvimento para o Brasil. Uma agenda que o golpe queria e conseguiu interromper, para implantar a pauta neoliberal, regressiva e excludente.<\/p>\n<p>Na verdade, agora, o que os banqueiros mais temem \u00e9 ver a agenda neoliberal fracassar. Defendem com unhas e dentes a manuten\u00e7\u00e3o do ministro da Economia, enquanto ele deix\u00e1-los livres da tributa\u00e7\u00e3o de suas fortunas, garantir que seus dividendos continuem intocados e, enfim, que seus ganhos de capital sejam assegurados. Aceitam alguns atos de\u00a0<em>sinceric\u00eddio\u00a0<\/em>de Guedes: \u201cNo Brasil, 200 milh\u00f5es de trouxas s\u00e3o explorados por seis bancos\u201d, pois Guedes sempre quis estar com os seis. V\u00e3o \u201cengolir esse pequeno sapo\u201d em prol dos benef\u00edcios da pol\u00edtica econ\u00f4mica, lembrando que, durante a crise sanit\u00e1ria, foram presenteados pelo ministro com um cr\u00e9dito excepcional de R$ 1,2 trilh\u00e3o.<\/p>\n<p>O que est\u00e1 em risco, para eles, \u00e9 o controle dos recursos or\u00e7ament\u00e1rios do pa\u00eds. Assim, o grande risco est\u00e1 na quebra do\u00a0<a href=\"https:\/\/www.redebrasilatual.com.br\/economia\/2020\/08\/teto-de-gastos-e-a-cloroquina-da-economia-afirma-professor\/\" target=\"_blank\" rel=\"noopener noreferrer\">teto de gastos<\/a>, esta atrasada pervers\u00e3o neoliberal que por 20 anos baniu o povo do or\u00e7amento e tirou da popula\u00e7\u00e3o o direito de decidir onde gastar. Esta camisa de for\u00e7a colocada na Constitui\u00e7\u00e3o pelo golpe de 2016 est\u00e1 se mostrando insustent\u00e1vel. Ali\u00e1s, a Institui\u00e7\u00e3o Fiscal Independente, em seu relat\u00f3rio de setembro de 2020, alerta que ser\u00e1 praticamente invi\u00e1vel manter o teto de gastos, em 2021.<\/p>\n<p>O verdadeiro \u201crisco Dilma\u201d \u2013 e aqui est\u00e1 o que mais apavora as fontes sigilosas do jornal\u00a0<em>Valor<\/em>\u00a0\u2013 \u00e9 a promo\u00e7\u00e3o de uma reforma tribut\u00e1ria para financiar a volta de justi\u00e7a social e a retomada do desenvolvimento. O pesadelo dessa gente \u00e9 a tributa\u00e7\u00e3o das grandes fortunas e heran\u00e7as, a taxa\u00e7\u00e3o das suas rendas e dividendos e o fim das dedu\u00e7\u00f5es de juros sobre capital pr\u00f3prio.<\/p>\n<p>Enfim, a \u201csoma de todos os medos\u201d das fontes do\u00a0<em>Valor<\/em>\u00a0e o maior risco aos seus at\u00e9 agora intoc\u00e1veis privil\u00e9gios est\u00e1 expresso no \u201cPlano de Reconstru\u00e7\u00e3o e Transforma\u00e7\u00e3o\u201d formulado pelo PT, propondo uma reforma que isente de\u00a0<a href=\"https:\/\/www.redebrasilatual.com.br\/economia\/2020\/10\/governo-estuda-extinguir-desconto-do-irpf-para-financiar-renda-basica\/\" target=\"_blank\" rel=\"noopener noreferrer\">tributa\u00e7\u00e3o do IRPF<\/a>\u00a0as camadas mais pobres, com rendimento de at\u00e9 3 sal\u00e1rios m\u00ednimos mensais, que s\u00e3o cerca de 10 milh\u00f5es de brasileiros; defendendo uma taxa maior para quem tem rendimentos superiores a 40 sal\u00e1rios m\u00ednimos mensais, cerca de 0,33% da popula\u00e7\u00e3o total. A maior taxa\u00e7\u00e3o quanto \u00e0 tributa\u00e7\u00e3o do patrim\u00f4nio e da riqueza recair\u00e1 sobre apenas 60 mil pessoas, 0,03% da popula\u00e7\u00e3o, que concentra um patrim\u00f4nio de cerca de R$ 2 trilh\u00f5es. Esta reforma corrige a injusti\u00e7a tribut\u00e1ria e pode garantir o financiamento do Estado de bem-estar social.<\/p>\n<p>Se a reforma tribut\u00e1ria atemoriza as fontes do\u00a0<em>Valor<\/em>, um outro \u201crisco\u201d aumenta ainda mais o temor: a proposta de reforma banc\u00e1ria apresentada pelo PT no plano de reconstru\u00e7\u00e3o do Brasil. Segundo o Plano, \u201cqualquer projeto de desenvolvimento envolver\u00e1 necessariamente uma profunda transforma\u00e7\u00e3o do sistema financeiro e de cr\u00e9dito, se valendo das novas tecnologias disruptivas, que promovem a concorr\u00eancia e repensando a regula\u00e7\u00e3o e tributa\u00e7\u00e3o do sistema financeiro nacional, revalorizando o papel dos bancos p\u00fablicos na promo\u00e7\u00e3o do desenvolvimento.\u201d<\/p>\n<p>O \u201cPlano de Reconstru\u00e7\u00e3o e Transforma\u00e7\u00e3o\u201d eleva tamb\u00e9m a temperatura ao propor mais gastos sociais, destinando parte significativa do or\u00e7amento para garantir sa\u00fade, educa\u00e7\u00e3o, prote\u00e7\u00e3o ao meio ambiente, cultura e ci\u00eancia e tecnologia etc. No curto prazo, os atemoriza a necessidade de abandonar o teto dos gastos para fazer frente \u00e0 prorroga\u00e7\u00e3o do aux\u00edlio emergencial de R$ 600 at\u00e9 o final da pandemia; para implantar o \u201cMais Bolsa Fam\u00edlia\u201d, vers\u00e3o aprimorada do programa que permitiu superar a extrema pobreza, e que teria os valores das linhas de elegibilidade e dos benef\u00edcios reajustados, para assegurar prote\u00e7\u00e3o a todas as fam\u00edlias com renda per capita de at\u00e9 R$ 600 reais. Abandon\u00e1-lo para implantar o programa \u201cEmprego J\u00e1\u201d, criando milh\u00f5es de postos de trabalho, por seis meses, para desempregados que n\u00e3o estejam recebendo o seguro desemprego, e retomando a pol\u00edtica de valoriza\u00e7\u00e3o do sal\u00e1rio m\u00ednimo.<\/p>\n<p>Quando um banqueiro aponta um suposto \u201crisco Dilma\u201d, o que tenta esconder, inutilmente, \u00e9 o medo que as elites t\u00eam da reconstru\u00e7\u00e3o do Brasil com solu\u00e7\u00f5es que incluam os pobres e a classe m\u00e9dia, hoje alijados das decis\u00f5es e do acesso ao or\u00e7amento p\u00fablico. O que amea\u00e7a seus interesses \u00e9 a for\u00e7a de uma proposta que pode resgatar o povo da fome, da mis\u00e9ria, do desemprego, da informalidade e do desalento, impedir a destrui\u00e7\u00e3o do Estado e dos servi\u00e7os p\u00fablicos e corrigir uma profunda injusti\u00e7a tribut\u00e1ria. O verdadeiro risco \u00e9 que o Brasil seja salvo da iniquidade que praticam contra a popula\u00e7\u00e3o brasileira.<\/p>\n<p><strong>Fonte: Rede Brasil Atual<\/strong><\/p>\n","protected":false},"excerpt":{"rendered":"<p>Uma frase pronunciada por uma fonte do jornal\u00a0Valor\u00a0com o intuito de ilustrar os rumos do atual conflito distributivo que op\u00f5e o teto dos gastos \u00e0s necessidades da popula\u00e7\u00e3o brasileira, usando o mote \u201cRisco Dilma\u201d, revela mais do que pretendia esconder. Qual \u00e9 o real temor de banqueiros e, portanto, o risco que eles n\u00e3o aceitam [&hellip;]<\/p>\n","protected":false},"author":2,"featured_media":9748,"comment_status":"","ping_status":"","sticky":false,"template":"","format":"standard","meta":{"footnotes":""},"categories":[3],"tags":[],"class_list":["post-9749","post","type-post","status-publish","format-standard","has-post-thumbnail","hentry","category-noticias"],"_links":{"self":[{"href":"https:\/\/hostnetart.com.br\/baixada\/wp-json\/wp\/v2\/posts\/9749","targetHints":{"allow":["GET"]}}],"collection":[{"href":"https:\/\/hostnetart.com.br\/baixada\/wp-json\/wp\/v2\/posts"}],"about":[{"href":"https:\/\/hostnetart.com.br\/baixada\/wp-json\/wp\/v2\/types\/post"}],"author":[{"embeddable":true,"href":"https:\/\/hostnetart.com.br\/baixada\/wp-json\/wp\/v2\/users\/2"}],"replies":[{"embeddable":true,"href":"https:\/\/hostnetart.com.br\/baixada\/wp-json\/wp\/v2\/comments?post=9749"}],"version-history":[{"count":0,"href":"https:\/\/hostnetart.com.br\/baixada\/wp-json\/wp\/v2\/posts\/9749\/revisions"}],"wp:featuredmedia":[{"embeddable":true,"href":"https:\/\/hostnetart.com.br\/baixada\/wp-json\/wp\/v2\/media\/9748"}],"wp:attachment":[{"href":"https:\/\/hostnetart.com.br\/baixada\/wp-json\/wp\/v2\/media?parent=9749"}],"wp:term":[{"taxonomy":"category","embeddable":true,"href":"https:\/\/hostnetart.com.br\/baixada\/wp-json\/wp\/v2\/categories?post=9749"},{"taxonomy":"post_tag","embeddable":true,"href":"https:\/\/hostnetart.com.br\/baixada\/wp-json\/wp\/v2\/tags?post=9749"}],"curies":[{"name":"wp","href":"https:\/\/api.w.org\/{rel}","templated":true}]}}