{"id":9743,"date":"2020-10-06T13:22:16","date_gmt":"2020-10-06T16:22:16","guid":{"rendered":"https:\/\/hostnetart.com.br\/baixada\/sindicato-reverte-demissao-por-justa-causa\/"},"modified":"2020-10-06T13:22:16","modified_gmt":"2020-10-06T16:22:16","slug":"sindicato-reverte-demissao-por-justa-causa","status":"publish","type":"post","link":"https:\/\/hostnetart.com.br\/baixada\/sindicato-reverte-demissao-por-justa-causa\/","title":{"rendered":"Sindicato reverte demiss\u00e3o por justa causa"},"content":{"rendered":"<div class=\"o9v6fnle cxmmr5t8 oygrvhab hcukyx3x c1et5uql ii04i59q\">\n<div dir=\"auto\">O Departamento Jur\u00eddico do Sindicato dos Banc\u00e1rios da Baixada Fluminense reverteu uma demiss\u00e3o por justa causa, ocorrida em julho de 2015.<\/div>\n<div dir=\"auto\">\u00a0<\/div>\n<\/div>\n<div class=\"o9v6fnle cxmmr5t8 oygrvhab hcukyx3x c1et5uql ii04i59q\">\n<div dir=\"auto\">Fatima Cristina Fernandes, ex-funcion\u00e1ria do antigo Banco HSBC e com 32 anos de servi\u00e7os prestados, foi demitida por justa causa, sem qualquer raz\u00e3o plaus\u00edvel.<\/div>\n<div dir=\"auto\">\u00a0<\/div>\n<\/div>\n<div class=\"o9v6fnle cxmmr5t8 oygrvhab hcukyx3x c1et5uql ii04i59q\">\n<div dir=\"auto\">Ap\u00f3s procurar atendimento do Sindicato, recebeu todo o suporte e orienta\u00e7\u00f5es.<\/div>\n<div dir=\"auto\">\u00a0<\/div>\n<\/div>\n<div class=\"o9v6fnle cxmmr5t8 oygrvhab hcukyx3x c1et5uql ii04i59q\">\n<div dir=\"auto\">A esperada decis\u00e3o final, da 3 \u00aa Vara do Tribunal Regional do Trabalho de Nova Igua\u00e7u, chegou no dia 25\/05, com a demiss\u00e3o por justa causa sendo revertida.<\/div>\n<div dir=\"auto\">\u00a0<\/div>\n<\/div>\n<div class=\"o9v6fnle cxmmr5t8 oygrvhab hcukyx3x c1et5uql ii04i59q\">\n<div dir=\"auto\">\u201cGostaria de compartilhar com todos a minha gratid\u00e3o e reconhecimento com os colaboradores do Sindicato dos Banc\u00e1rios da Baixada Fluminense e seus advogados, pelo apoio e profissionalismo no momento mais dif\u00edcil da minha vida profissional, onde foi me dado todo o suporte jur\u00eddico e humano (emocional). E, gra\u00e7as ao empenho e dedica\u00e7\u00e3o, ap\u00f3s 5 anos de luta, a justi\u00e7a foi feita e tive a garantia de todos os meus direitos trabalhistas ganhos contra o Banco Bradesco SA (revers\u00e3o da justa causa).<\/div>\n<div dir=\"auto\">Quero deixar claro o quanto \u00e9 importante a nossa contribui\u00e7\u00e3o com o sindicato, pois este, sem sombra de d\u00favida, ir\u00e1 dar o suporte necess\u00e1rio sempre que os momentos profissionais mais dif\u00edceis ocorrerem. Meu muito obrigado a todos\u201d &#8211; Fatima Cristina.<\/div>\n<div dir=\"auto\">\u00a0<\/div>\n<\/div>\n<div class=\"o9v6fnle cxmmr5t8 oygrvhab hcukyx3x c1et5uql ii04i59q\">\n<div dir=\"auto\">Banc\u00e1ria e banc\u00e1rio, defenda seus direitos conte com os servi\u00e7os disponibilizados pelo seu Sindicato.<\/div>\n<div dir=\"auto\">\u00a0<\/div>\n<\/div>\n<div class=\"o9v6fnle cxmmr5t8 oygrvhab hcukyx3x c1et5uql ii04i59q\">\n<div dir=\"auto\">Sindicalize-se e fortale\u00e7a a luta em defesa dos direitos dos banc\u00e1rios e banc\u00e1rias!<\/div>\n<\/div>\n","protected":false},"excerpt":{"rendered":"<p>O Departamento Jur\u00eddico do Sindicato dos Banc\u00e1rios da Baixada Fluminense reverteu uma demiss\u00e3o por justa causa, ocorrida em julho de 2015. \u00a0 Fatima Cristina Fernandes, ex-funcion\u00e1ria do antigo Banco HSBC e com 32 anos de servi\u00e7os prestados, foi demitida por justa causa, sem qualquer raz\u00e3o plaus\u00edvel. \u00a0 Ap\u00f3s procurar atendimento do Sindicato, recebeu todo o [&hellip;]<\/p>\n","protected":false},"author":2,"featured_media":9742,"comment_status":"","ping_status":"","sticky":false,"template":"","format":"standard","meta":{"footnotes":""},"categories":[3],"tags":[],"class_list":["post-9743","post","type-post","status-publish","format-standard","has-post-thumbnail","hentry","category-noticias"],"_links":{"self":[{"href":"https:\/\/hostnetart.com.br\/baixada\/wp-json\/wp\/v2\/posts\/9743","targetHints":{"allow":["GET"]}}],"collection":[{"href":"https:\/\/hostnetart.com.br\/baixada\/wp-json\/wp\/v2\/posts"}],"about":[{"href":"https:\/\/hostnetart.com.br\/baixada\/wp-json\/wp\/v2\/types\/post"}],"author":[{"embeddable":true,"href":"https:\/\/hostnetart.com.br\/baixada\/wp-json\/wp\/v2\/users\/2"}],"replies":[{"embeddable":true,"href":"https:\/\/hostnetart.com.br\/baixada\/wp-json\/wp\/v2\/comments?post=9743"}],"version-history":[{"count":0,"href":"https:\/\/hostnetart.com.br\/baixada\/wp-json\/wp\/v2\/posts\/9743\/revisions"}],"wp:featuredmedia":[{"embeddable":true,"href":"https:\/\/hostnetart.com.br\/baixada\/wp-json\/wp\/v2\/media\/9742"}],"wp:attachment":[{"href":"https:\/\/hostnetart.com.br\/baixada\/wp-json\/wp\/v2\/media?parent=9743"}],"wp:term":[{"taxonomy":"category","embeddable":true,"href":"https:\/\/hostnetart.com.br\/baixada\/wp-json\/wp\/v2\/categories?post=9743"},{"taxonomy":"post_tag","embeddable":true,"href":"https:\/\/hostnetart.com.br\/baixada\/wp-json\/wp\/v2\/tags?post=9743"}],"curies":[{"name":"wp","href":"https:\/\/api.w.org\/{rel}","templated":true}]}}