{"id":974,"date":"2014-04-08T00:00:00","date_gmt":"2014-04-08T03:00:00","guid":{"rendered":"https:\/\/hostnetart.com.br\/baixada\/contraf-cut-apoia-chapa-1-na-eleicao-da-cassi-que-comeca-nesta-quarta\/"},"modified":"2014-04-08T00:00:00","modified_gmt":"2014-04-08T03:00:00","slug":"contraf-cut-apoia-chapa-1-na-eleicao-da-cassi-que-comeca-nesta-quarta","status":"publish","type":"post","link":"https:\/\/hostnetart.com.br\/baixada\/contraf-cut-apoia-chapa-1-na-eleicao-da-cassi-que-comeca-nesta-quarta\/","title":{"rendered":"Contraf-CUT apoia Chapa 1 na elei\u00e7\u00e3o da Cassi que come\u00e7a nesta quarta"},"content":{"rendered":"<p>Come\u00e7a nesta quarta-feira (9) a elei\u00e7\u00e3o para renovar parte da diretoria e dos conselhos deliberativo e fiscal da Caixa de Assist\u00eancia dos Funcion\u00e1rios do Banco do Brasil (Cassi), entidade que administra os planos de sa\u00fade dos funcion\u00e1rios do BB e de seus familiares. Quatro chapas disputam a elei\u00e7\u00e3o, que vai at\u00e9 o dia 22.<\/p>\n<p>Os funcion\u00e1rios da ativa votam pelo SisBB. J\u00e1 os aposentados votam por meio do TAA.<\/p>\n<p>A Contraf-CUT segue a grande maioria dos seus sindicatos filiados e apoia a Chapa 1 Todos pela Cassi, encabe\u00e7ada por William Mendes, coordenador da Comiss\u00e3o de Empresa dos Funcion\u00e1rios do BB e secret\u00e1rio de Forma\u00e7\u00e3o da Confedera\u00e7\u00e3o.<\/p>\n<p>&gt; Clique\u00a0<a href=\"http:\/\/www.contrafcut.org.br\/download\/Arquivo\/14421369.pdf\" target=\"_blank\" rel=\"noopener noreferrer\">aqui<\/a>\u00a0para ver a publica\u00e7\u00e3o com os candidatos, os princ\u00edpios, programas e apoios da Chapa 1.<\/p>\n<p>\u201cA Cassi \u00e9 uma conquista hist\u00f3rica das lutas dos funcion\u00e1rios do Banco do Brasil, que se tornou um paradigma n\u00e3o s\u00f3 para a categoria banc\u00e1ria como para todos os trabalhadores. Apoiamos a Chapa 1 Todos pela Cassi porque ela foi constru\u00edda pelos sindicatos e pelas entidades associativas, representa a unidade nacional do funcionalismo e, portanto, \u00e9 a que est\u00e1 mais capacitada para defender os interesses dos trabalhadores\u201d, afirma Carlos Cordeiro, presidente da Contraf-CUT.<\/p>\n<p>\u201cAl\u00e9m disso, a Chapa 1 tem como candidato a diretor de Sa\u00fade o companheiro William Mendes, que como coordenador da Comiss\u00e3o de Empresa est\u00e1 na linha de frente das lutas nacionais do funcionalismo do BB na defesa das reivindica\u00e7\u00f5es dos banc\u00e1rios, inclusive sobre sa\u00fade do trabalhador, combate ao ass\u00e9dio moral e melhoria da assist\u00eancia \u00e0 sa\u00fade por parte da Cassi\u201d, acrescenta Carlos Cordeiro.<\/p>\n<p>A Cassi atende 800 mil vidas em seus dois planos de sa\u00fade: o Plano de Associados, para os funcion\u00e1rios da ativa e aposentados e seus dependentes, e o Cassi Fam\u00edlia, voltado para familiares at\u00e9 o terceiro grau de parentesco.<\/p>\n<p>A dire\u00e7\u00e3o da Caixa de Assist\u00eancia \u00e9 compartilhada. O BB indica o presidente, o diretor de administra\u00e7\u00e3o e finan\u00e7as, quatro dos oito conselheiros deliberativos e tr\u00eas dos seis conselheiros fiscais. Os associados elegem o diretor de Sa\u00fade e Rede de Atendimento, o diretor de Planos de Sa\u00fade e Relacionamento com Clientes e a metade dos conselhos deliberativo e fiscal.<\/p>\n<p>Fonte: Contraf-CUT<\/p>\n","protected":false},"excerpt":{"rendered":"<p>Come\u00e7a nesta quarta-feira (9) a elei\u00e7\u00e3o para renovar parte da diretoria e dos conselhos deliberativo e fiscal da Caixa de Assist\u00eancia dos Funcion\u00e1rios do Banco do Brasil (Cassi), entidade que administra os planos de sa\u00fade dos funcion\u00e1rios do BB e de seus familiares. Quatro chapas disputam a elei\u00e7\u00e3o, que vai at\u00e9 o dia 22. Os [&hellip;]<\/p>\n","protected":false},"author":1,"featured_media":0,"comment_status":"","ping_status":"","sticky":false,"template":"","format":"standard","meta":{"footnotes":""},"categories":[3],"tags":[],"class_list":["post-974","post","type-post","status-publish","format-standard","hentry","category-noticias"],"_links":{"self":[{"href":"https:\/\/hostnetart.com.br\/baixada\/wp-json\/wp\/v2\/posts\/974","targetHints":{"allow":["GET"]}}],"collection":[{"href":"https:\/\/hostnetart.com.br\/baixada\/wp-json\/wp\/v2\/posts"}],"about":[{"href":"https:\/\/hostnetart.com.br\/baixada\/wp-json\/wp\/v2\/types\/post"}],"author":[{"embeddable":true,"href":"https:\/\/hostnetart.com.br\/baixada\/wp-json\/wp\/v2\/users\/1"}],"replies":[{"embeddable":true,"href":"https:\/\/hostnetart.com.br\/baixada\/wp-json\/wp\/v2\/comments?post=974"}],"version-history":[{"count":0,"href":"https:\/\/hostnetart.com.br\/baixada\/wp-json\/wp\/v2\/posts\/974\/revisions"}],"wp:attachment":[{"href":"https:\/\/hostnetart.com.br\/baixada\/wp-json\/wp\/v2\/media?parent=974"}],"wp:term":[{"taxonomy":"category","embeddable":true,"href":"https:\/\/hostnetart.com.br\/baixada\/wp-json\/wp\/v2\/categories?post=974"},{"taxonomy":"post_tag","embeddable":true,"href":"https:\/\/hostnetart.com.br\/baixada\/wp-json\/wp\/v2\/tags?post=974"}],"curies":[{"name":"wp","href":"https:\/\/api.w.org\/{rel}","templated":true}]}}