{"id":9739,"date":"2020-10-06T13:03:56","date_gmt":"2020-10-06T16:03:56","guid":{"rendered":"https:\/\/hostnetart.com.br\/baixada\/sindicatos-protestam-contra-demissoes-pelos-bancos\/"},"modified":"2020-10-06T13:03:56","modified_gmt":"2020-10-06T16:03:56","slug":"sindicatos-protestam-contra-demissoes-pelos-bancos","status":"publish","type":"post","link":"https:\/\/hostnetart.com.br\/baixada\/sindicatos-protestam-contra-demissoes-pelos-bancos\/","title":{"rendered":"Sindicatos protestam contra demiss\u00f5es pelos bancos"},"content":{"rendered":"<p>Sindicatos de banc\u00e1rios de todo o pa\u00eds est\u00e3o em campanha contra as demiss\u00f5es pelos bancos. Na sexta-feira, um tuita\u00e7o contra as demiss\u00f5es pelo Ita\u00fa esteve entre os\u00a0<a href=\"https:\/\/contrafcut.com.br\/noticias\/tuitaco-contra-demissoes-no-itau-alcanca-posicao-de-destaque\" target=\"_blank\" rel=\"noopener noreferrer\">assuntos mais comentados da rede<\/a>. Com a hashtag #Ita\u00faN\u00e3oDemitaMeusPais, o protesto procurou mostrar n\u00e3o apenas que o banco descumpriu o compromisso de n\u00e3o demitir funcion\u00e1rios durante a pandemia, mas tamb\u00e9m que a responsabilidade social pregada pelo Ita\u00fa em suas pe\u00e7as publicit\u00e1rias nem sempre e colocada em pr\u00e1tica por ele mesmo.<\/p>\n<p><a href=\"https:\/\/contrafcut.com.br\/noticias\/bancarios-do-itau-lancam-campanha-contra-demissoes\" target=\"_blank\" rel=\"noopener noreferrer\">Em uma s\u00f3 tacada, o banco demitiu 130 funcion\u00e1rios<\/a>\u00a0na \u00e1rea de Ve\u00edculos, al\u00e9m de outras que ocorram em ag\u00eancias banc\u00e1rias.<\/p>\n<p>\u201cO banco teve\u00a0<a href=\"https:\/\/contrafcut.com.br\/noticias\/itau-lucra-r-28363-bilhoes-em-2019\" target=\"_blank\" rel=\"noopener noreferrer\">lucro l\u00edquido de R$ 28 bilh\u00f5es no ano o passado<\/a>\u00a0e nos seis primeiros meses de 2020,\u00a0<a href=\"https:\/\/contrafcut.com.br\/noticias\/itau-lucra-r-8117-bilhoes-no-1o-semestre-de-2020\" target=\"_blank\" rel=\"noopener noreferrer\">mesmo com a pandemia, lucrou R$ 8 bilh\u00f5es<\/a>. Mas, ao mesmo tempo de desenvolveu campanha publicit\u00e1ria para mostrar seu lado humano, demite funcion\u00e1rios durante a maior crise sanit\u00e1ria vivida pelo pa\u00eds nos \u00faltimos 100 anos. Tamanha incoer\u00eancia n\u00e3o pode ficar oculta. Numa hora dessa, o banco precisa mostrar sua responsabilidade com as pessoas, com o pa\u00eds,\u201d afirmou Jair Alves, coordenador da Comiss\u00e3o de Organiza\u00e7\u00e3o de Empresa (COE) do Ita\u00fa.<\/p>\n<h3><strong>Banco acusa o baque<\/strong><\/h3>\n<p>Na pr\u00f3pria sexta-feira o banco divulgou um comunicado interno aos seus funcion\u00e1rios falando sobre a atua\u00e7\u00e3o pessoal nas redes sociais. Para Jair, trata-se de uma tentativa de intimidar os funcion\u00e1rios e reduzir a participa\u00e7\u00e3o dos funcion\u00e1rios nas a\u00e7\u00f5es dos sindicatos.<\/p>\n<p>\u201cNossa a\u00e7\u00e3o de sexta-feira foi muito boa. As demiss\u00f5es pelo Ita\u00fa foram um dos assuntos mais comentados nas redes. Com a desculpa de que est\u00e1 pregando o respeito \u00e0 diversidade de g\u00eanero, cultura, ra\u00e7a, condi\u00e7\u00e3o social, religi\u00e3o, idade e at\u00e9 convic\u00e7\u00f5es pol\u00edticas e filos\u00f3ficas, o banco amea\u00e7a com o c\u00f3digo de \u00e9tica que deve ser cumprido pelos funcion\u00e1rios com as postagens em redes sociais que possam afetar a imagem do banco\u201d, observou o dirigente. \u201cMas, o banco tem que tomar cuidado com suas atitudes. Al\u00e9m das demiss\u00f5es em plena pandemia, um comunicado como esse, enviado aos funcion\u00e1rios bem no dia de um tuita\u00e7o, pode manchar a imagem do banco bonzinho, respons\u00e1vel socialmente que \u00e9 transmitido em suas pe\u00e7as publicit\u00e1rias\u201d, disse Jair.<\/p>\n<h3><strong>Campanha continua<\/strong><\/h3>\n<p>O coordenador da COE do Ita\u00fa disse, no entanto, que a campanha contra as demiss\u00f5es continuar\u00e1, com um novo tuita\u00e7o na pr\u00f3xima sexta-feira (9).<\/p>\n<p>\u201cQueremos que o banco cumpra com o compromisso de n\u00e3o demitir durante a pandemia. Reveja estas demiss\u00f5es e realoque estes funcion\u00e1rios. Vamos continuar a campanha e contamos com a colabora\u00e7\u00e3o dos trabalhadores. Mesmo que, para evitar persegui\u00e7\u00f5es, tenham que criar perfis alternativos para n\u00e3o serem identificados\u201d, ressaltou, lembrando que a Confedera\u00e7\u00e3o Nacional dos Trabalhadores do Ramo Financeiro (Contraf-CUT), sindicatos e federa\u00e7\u00f5es da categoria orientam os funcion\u00e1rios a n\u00e3o utilizarem computadores e celulares dos bancos para atividades de uso pessoal.<\/p>\n<p><a href=\"https:\/\/spbancarios.com.br\/09\/2020\/bancarios-realizam-tuitaco-contra-demissoes-no-itau-na-sexta-2\" target=\"_blank\" rel=\"noopener noreferrer\">No tuita\u00e7o da pr\u00f3xima sexta-feira<\/a>\u00a0os sindicatos usar\u00e3o uma outra hashtag: #ItauPareDeAme\u00e7arMeusPais.<\/p>\n<h3>Outros bancos<\/h3>\n<p>Al\u00e9m do Ita\u00fa,\u00a0<a href=\"https:\/\/contrafcut.com.br\/noticias\/santander-demite-funcionarios-e-toma-medidas-contra-prevencao\" target=\"_blank\" rel=\"noopener noreferrer\">o Santander<\/a>,\u00a0<a href=\"https:\/\/contrafcut.com.br\/noticias\/contraf-cut-cobra-reuniao-com-o-bradesco\" target=\"_blank\" rel=\"noopener noreferrer\">o Bradesco<\/a>\u00a0e o\u00a0<a href=\"https:\/\/contrafcut.com.br\/noticias\/mercantil-do-brasil-sindicatos-se-mobilizam-contra-demissoes-em-plena-pandemia\" target=\"_blank\" rel=\"noopener noreferrer\">Mercantil do Brasil<\/a>\u00a0tamb\u00e9m est\u00e3o demitindo funcion\u00e1rios em plena pandemia. \u201cTodos estes bancos, haviam se comprometido em n\u00e3o demitir funcion\u00e1rios durante a pandemia. Mas, mesmo tendo lucros bilion\u00e1rios, desrespeitaram esse compromisso e colocaram m\u00e3es e pais de fam\u00edlia na rua da amargura, em plena pandemia\u201d, observou a presidenta da Contraf-CUT, Juvandia Moreira. \u201cCom as demiss\u00f5es, os bancos contribuem para o aumento do desemprego no pa\u00eds, que j\u00e1 era alto, e dificultam a recupera\u00e7\u00e3o da economia\u201d, concluiu Juvandia.<\/p>\n<p><strong>Fonte: contraf-CUT<\/strong><\/p>\n","protected":false},"excerpt":{"rendered":"<p>Sindicatos de banc\u00e1rios de todo o pa\u00eds est\u00e3o em campanha contra as demiss\u00f5es pelos bancos. Na sexta-feira, um tuita\u00e7o contra as demiss\u00f5es pelo Ita\u00fa esteve entre os\u00a0assuntos mais comentados da rede. Com a hashtag #Ita\u00faN\u00e3oDemitaMeusPais, o protesto procurou mostrar n\u00e3o apenas que o banco descumpriu o compromisso de n\u00e3o demitir funcion\u00e1rios durante a pandemia, mas [&hellip;]<\/p>\n","protected":false},"author":2,"featured_media":9738,"comment_status":"","ping_status":"","sticky":false,"template":"","format":"standard","meta":{"footnotes":""},"categories":[3],"tags":[],"class_list":["post-9739","post","type-post","status-publish","format-standard","has-post-thumbnail","hentry","category-noticias"],"_links":{"self":[{"href":"https:\/\/hostnetart.com.br\/baixada\/wp-json\/wp\/v2\/posts\/9739","targetHints":{"allow":["GET"]}}],"collection":[{"href":"https:\/\/hostnetart.com.br\/baixada\/wp-json\/wp\/v2\/posts"}],"about":[{"href":"https:\/\/hostnetart.com.br\/baixada\/wp-json\/wp\/v2\/types\/post"}],"author":[{"embeddable":true,"href":"https:\/\/hostnetart.com.br\/baixada\/wp-json\/wp\/v2\/users\/2"}],"replies":[{"embeddable":true,"href":"https:\/\/hostnetart.com.br\/baixada\/wp-json\/wp\/v2\/comments?post=9739"}],"version-history":[{"count":0,"href":"https:\/\/hostnetart.com.br\/baixada\/wp-json\/wp\/v2\/posts\/9739\/revisions"}],"wp:featuredmedia":[{"embeddable":true,"href":"https:\/\/hostnetart.com.br\/baixada\/wp-json\/wp\/v2\/media\/9738"}],"wp:attachment":[{"href":"https:\/\/hostnetart.com.br\/baixada\/wp-json\/wp\/v2\/media?parent=9739"}],"wp:term":[{"taxonomy":"category","embeddable":true,"href":"https:\/\/hostnetart.com.br\/baixada\/wp-json\/wp\/v2\/categories?post=9739"},{"taxonomy":"post_tag","embeddable":true,"href":"https:\/\/hostnetart.com.br\/baixada\/wp-json\/wp\/v2\/tags?post=9739"}],"curies":[{"name":"wp","href":"https:\/\/api.w.org\/{rel}","templated":true}]}}