{"id":9737,"date":"2020-10-05T19:42:24","date_gmt":"2020-10-05T22:42:24","guid":{"rendered":"https:\/\/hostnetart.com.br\/baixada\/mp-quer-que-tcu-investigue-corrupcao-no-banco-do-brasil\/"},"modified":"2020-10-05T19:42:24","modified_gmt":"2020-10-05T22:42:24","slug":"mp-quer-que-tcu-investigue-corrupcao-no-banco-do-brasil","status":"publish","type":"post","link":"https:\/\/hostnetart.com.br\/baixada\/mp-quer-que-tcu-investigue-corrupcao-no-banco-do-brasil\/","title":{"rendered":"MP quer que TCU investigue corrup\u00e7\u00e3o no Banco do Brasil"},"content":{"rendered":"<p>Uma\u00a0<a href=\"https:\/\/www.cnnbrasil.com.br\/business\/2020\/10\/01\/mp-investiga-direcao-do-banco-do-brasil\" target=\"_blank\" rel=\"noopener noreferrer\">reportagem da CNN Brasil<\/a>\u00a0informa que o Minist\u00e9rio P\u00fablico investiga diversas irregularidades que teriam ocorrido na gest\u00e3o de Rubem Novaes no Banco do Brasil. Novaes e sua diretoria s\u00e3o acusados de interferir na auditoria interna, evitar apura\u00e7\u00f5es sobre assuntos sens\u00edveis, n\u00e3o atender recomenda\u00e7\u00f5es dos auditores, al\u00e9m de interferir irregularmente em nomea\u00e7\u00f5es para a Previ, o bilion\u00e1rio fundo de pens\u00e3o do banco.<\/p>\n<p>O procurador Lucas Furtado usou uma ampla documenta\u00e7\u00e3o para embasar a representa\u00e7\u00e3o que apresentou ao Tribunal de Contas da Uni\u00e3o (TCU), na qual, dentre outras medidas, pede a readmiss\u00e3o dos auditores demitidos e a apura\u00e7\u00e3o de eventuais irregularidades. A den\u00fancia foi apresentada pouco mais de um m\u00eas depois que o Conselho de Administra\u00e7\u00e3o do\u00a0<a href=\"https:\/\/www.cnnbrasil.com.br\/business\/2020\/08\/17\/banco-do-brasil-dissolve-auditoria-interna\" target=\"_blank\" rel=\"noopener noreferrer\">banco dissolveu a sua auditoria interna<\/a>.<\/p>\n<p>A Conselheira de Administra\u00e7\u00e3o Representante dos Funcion\u00e1rios (Caref), D\u00e9bora Fonseca, explicou que boa parte dos fatos ocorridos chegaram ao conhecimento dela n\u00e3o pelo Conselho de Administra\u00e7\u00e3o do Banco, mas pela imprensa, fato que tamb\u00e9m ocorreu com o questionamento feito pelo Minist\u00e9rio Publico.<\/p>\n<p>\u201cDos itens citados como poss\u00edveis irregularidades, como a retirada da campanha publicitaria \u2018Selfie\u2019, sequer houve relato no Conselho sobre a orienta\u00e7\u00e3o de \u2018n\u00e3o se realizar auditoria\u2019, dada, segundo o MP, pelo presidente do conselho, o senhor H\u00e9lio Magalhaes, disse D\u00e9bora. \u201cIsso torna a den\u00fancia ainda mais grave, pois, se comprovada, mostra que o presidente do conselho determinava medidas sem sequer nos consultar\u201d, disse.<\/p>\n<h3>Projeto Sirius<\/h3>\n<p>D\u00e9bora informou, tamb\u00e9m, que sobre o caso do Projeto Sirius (associa\u00e7\u00e3o entre o banco e a empresa su\u00ed\u00e7a UBS Group AG), quando foi pautado para aprova\u00e7\u00e3o no CA, n\u00e3o houve men\u00e7\u00e3o \u00e0 preocupa\u00e7\u00e3o demonstrada pela auditoria sobre o aspecto negocial, com possibilidades de perdas financeiras para o banco. \u201cObviamente, se uma informa\u00e7\u00e3o como essa tivesse vindo ao conhecimento do conselho, poderia ter resultado na altera\u00e7\u00e3o de forma do neg\u00f3cio proposto, ou mesmo seu cancelamento\u201d, afirmou.<\/p>\n<p>D\u00e9bora explicou que a nomea\u00e7\u00e3o de Claudia Kakinoff, para o cargo de Auditor Geral, foi apresentada na reuni\u00e3o do Conselho como uma medida tempor\u00e1ria, para que se apurasse uma ocorr\u00eancia dentro da Auditoria, sem entanto dizer sobre qual assunto ou qual tipo de irregularidade. \u201cS\u00f3 posteriormente tive conhecimento da ocorr\u00eancia, tamb\u00e9m atrav\u00e9s da imprensa, que noticiou sobre a demiss\u00e3o do Auditor Geral, e outros membros da auditoria\u201d, disse. \u201cE quando questionei sobre a ocorr\u00eancia no Conselho, informaram que n\u00e3o poderiam me dar detalhamento sobre o tema por envolver outro funcion\u00e1rio do banco, e que assim sendo, eles consideravam que haveria \u2018conflito de interesses\u2019 de minha parte\u201d, completou.<\/p>\n<p>D\u00e9bora disse ainda que, afirmaram que o Conselho havia conduzido a ocorr\u00eancia conforme mandam os tramites internos e externos ao banco, mas que, aparentemente, n\u00e3o foi o que ocorreu, de acordo com o que foi relatado pelo MP.<\/p>\n<h3>BTG Pactual<\/h3>\n<p>Com rela\u00e7\u00e3o a opera\u00e7\u00e3o junto ao BTG Pactual, a Caref informou que a transa\u00e7\u00e3o foi tratada apenas no \u00e2mbito do Conselho Diretor e tamb\u00e9m nunca mencionada no Conselho de Administra\u00e7\u00e3o a inten\u00e7\u00e3o de auditoria do caso.<\/p>\n<h3>Gravidade das den\u00fancias<\/h3>\n<p>\u201cS\u00e3o den\u00fancias muito graves que merecem muito mais do que apura\u00e7\u00e3o. Havendo comprova\u00e7\u00e3o, os respons\u00e1veis devem responder n\u00e3o apenas administrativamente, mas tamb\u00e9m na Justi\u00e7a Comum, como previsto no Estatuto do Funcionalismo P\u00fablico\u201d, afirmou o coordenador da Comiss\u00e3o de Empresa dos Funcion\u00e1rios do Banco do Brasil (CEBB), Jo\u00e3o Fukunaga. \u201cTemos que garantir o direito de defesa dos envolvidos, mas, havendo culpados, n\u00e3o pode haver impunidade\u201d, completou.<\/p>\n<p>Fukunaga cita um trecho da den\u00fancia (<a href=\"https:\/\/www.cnnbrasil.com.br\/business\/2020\/10\/01\/veja-integra-de-documento-sobre-investigacao-do-banco-do-brasil\" target=\"_blank\" rel=\"noopener noreferrer\">leia a \u00edntegra<\/a>) que diz que o vice-presidente do BB, F\u00e1bio Augusto Cantizani Barbosa, desde sua chegada, implementou a\u00e7\u00f5es pouco alinhadas aos objetivos estrat\u00e9gicos do banco, as quais foram questionadas pela auditoria. A mesma que foi afastada.<\/p>\n<p>O trecho da den\u00fancia citado por Fukunaga diz que, entre as \u201ca\u00e7\u00f5es pouco alinhadas aos objetivos estrat\u00e9gicos do banco\u201d, implementadas por Cantizani Barbosa, est\u00e3o \u201cdirecionar contratos para aquisi\u00e7\u00e3o de software, hardware e presta\u00e7\u00e3o de servi\u00e7os em TI; abrir os c\u00f3digos-fonte de sistemas corporativos fundamentais aos neg\u00f3cios (core), expondo-os a programadores externos ao banco (open source), sem regras e procedimentos de prote\u00e7\u00e3o a riscos e viola\u00e7\u00f5es de segredos de informa\u00e7\u00e3o e de neg\u00f3cios, apesar das resist\u00eancias do Diretor de Tecnologia (n\u00e3o sabemos se teve \u00eaxito); opor-se ao ex-Vice-presidente Marcelo Labuto para ter sob sua responsabilidade direta as Diretorias de Meios de Pagamento e de Neg\u00f3cios Digitais, o que de fato aconteceu em dezembro de 2019, garantido maior \u00e1rea de influ\u00eancia e \u2018oportunidades negociais\u2019 para ele e seu grupo.\u201d<\/p>\n<p>\u201cCantizani \u00e9 s\u00f3cio fundador da Stone Meios de Pagamentos. Por si, isso \u00e9 conflito de interesses\u201d, concluiu Fukunaga.<\/p>\n<p><strong>Fonte: Contraf-CUT<\/strong><\/p>\n","protected":false},"excerpt":{"rendered":"<p>Uma\u00a0reportagem da CNN Brasil\u00a0informa que o Minist\u00e9rio P\u00fablico investiga diversas irregularidades que teriam ocorrido na gest\u00e3o de Rubem Novaes no Banco do Brasil. Novaes e sua diretoria s\u00e3o acusados de interferir na auditoria interna, evitar apura\u00e7\u00f5es sobre assuntos sens\u00edveis, n\u00e3o atender recomenda\u00e7\u00f5es dos auditores, al\u00e9m de interferir irregularmente em nomea\u00e7\u00f5es para a Previ, o bilion\u00e1rio [&hellip;]<\/p>\n","protected":false},"author":2,"featured_media":9736,"comment_status":"","ping_status":"","sticky":false,"template":"","format":"standard","meta":{"footnotes":""},"categories":[3],"tags":[],"class_list":["post-9737","post","type-post","status-publish","format-standard","has-post-thumbnail","hentry","category-noticias"],"_links":{"self":[{"href":"https:\/\/hostnetart.com.br\/baixada\/wp-json\/wp\/v2\/posts\/9737","targetHints":{"allow":["GET"]}}],"collection":[{"href":"https:\/\/hostnetart.com.br\/baixada\/wp-json\/wp\/v2\/posts"}],"about":[{"href":"https:\/\/hostnetart.com.br\/baixada\/wp-json\/wp\/v2\/types\/post"}],"author":[{"embeddable":true,"href":"https:\/\/hostnetart.com.br\/baixada\/wp-json\/wp\/v2\/users\/2"}],"replies":[{"embeddable":true,"href":"https:\/\/hostnetart.com.br\/baixada\/wp-json\/wp\/v2\/comments?post=9737"}],"version-history":[{"count":0,"href":"https:\/\/hostnetart.com.br\/baixada\/wp-json\/wp\/v2\/posts\/9737\/revisions"}],"wp:featuredmedia":[{"embeddable":true,"href":"https:\/\/hostnetart.com.br\/baixada\/wp-json\/wp\/v2\/media\/9736"}],"wp:attachment":[{"href":"https:\/\/hostnetart.com.br\/baixada\/wp-json\/wp\/v2\/media?parent=9737"}],"wp:term":[{"taxonomy":"category","embeddable":true,"href":"https:\/\/hostnetart.com.br\/baixada\/wp-json\/wp\/v2\/categories?post=9737"},{"taxonomy":"post_tag","embeddable":true,"href":"https:\/\/hostnetart.com.br\/baixada\/wp-json\/wp\/v2\/tags?post=9737"}],"curies":[{"name":"wp","href":"https:\/\/api.w.org\/{rel}","templated":true}]}}