{"id":9735,"date":"2020-10-05T19:41:31","date_gmt":"2020-10-05T22:41:31","guid":{"rendered":"https:\/\/hostnetart.com.br\/baixada\/tuitaco-contra-demissoes-no-itau-alcanca-posicao-de-destaque\/"},"modified":"2020-10-05T19:41:31","modified_gmt":"2020-10-05T22:41:31","slug":"tuitaco-contra-demissoes-no-itau-alcanca-posicao-de-destaque","status":"publish","type":"post","link":"https:\/\/hostnetart.com.br\/baixada\/tuitaco-contra-demissoes-no-itau-alcanca-posicao-de-destaque\/","title":{"rendered":"Tuita\u00e7o contra demiss\u00f5es no Ita\u00fa alcan\u00e7a posi\u00e7\u00e3o de destaque"},"content":{"rendered":"<p>Banc\u00e1rios de todo o Brasil realizaram nesta sexta-feira (2) um novo tuita\u00e7o em protesto contra as demiss\u00f5es que o banco Ita\u00fa vem realizando em plena pandemia. O protesto come\u00e7ou \u00e0s 11h e a hashtag #Ita\u00faN\u00e3oDemitaMeusPais esteve entre os assuntos mais comentados do Brasil.<\/p>\n<p>A a\u00e7\u00e3o faz parte da campanha #Ita\u00faN\u00e3oDemitaMeusPais, lan\u00e7ada na semana passada, para denunciar os desligamentos, que contrariam o compromisso da dire\u00e7\u00e3o do Ita\u00fa de n\u00e3o demitir durante a pandemia do coronav\u00edrus (Covid-19). Foram 130 demiss\u00f5es somente na \u00e1rea de Ve\u00edculos, al\u00e9m de outras que ocorrem nas ag\u00eancias. O Ita\u00fa \u00e9 um dos bancos, junto com o Santander, o Bradesco e o Mercantil do Brasil, que desrespeitam acordo firmado com o movimento sindical no primeiro semestre, de que n\u00e3o haveria demiss\u00f5es durante a pandemia.<\/p>\n<p>As demiss\u00f5es contrariam a imagem que o banco tenta divulgar, de que \u00e9 uma empresa com lado humano. O lucro do banco em 2019 foi de R$ 28 bilh\u00f5es e de R$ 8 bilh\u00f5es no primeiro semestre deste ano.<\/p>\n<p><strong>Fonte: Contraf-CUT<\/strong><\/p>\n","protected":false},"excerpt":{"rendered":"<p>Banc\u00e1rios de todo o Brasil realizaram nesta sexta-feira (2) um novo tuita\u00e7o em protesto contra as demiss\u00f5es que o banco Ita\u00fa vem realizando em plena pandemia. O protesto come\u00e7ou \u00e0s 11h e a hashtag #Ita\u00faN\u00e3oDemitaMeusPais esteve entre os assuntos mais comentados do Brasil. A a\u00e7\u00e3o faz parte da campanha #Ita\u00faN\u00e3oDemitaMeusPais, lan\u00e7ada na semana passada, para [&hellip;]<\/p>\n","protected":false},"author":2,"featured_media":9734,"comment_status":"","ping_status":"","sticky":false,"template":"","format":"standard","meta":{"footnotes":""},"categories":[3],"tags":[],"class_list":["post-9735","post","type-post","status-publish","format-standard","has-post-thumbnail","hentry","category-noticias"],"_links":{"self":[{"href":"https:\/\/hostnetart.com.br\/baixada\/wp-json\/wp\/v2\/posts\/9735","targetHints":{"allow":["GET"]}}],"collection":[{"href":"https:\/\/hostnetart.com.br\/baixada\/wp-json\/wp\/v2\/posts"}],"about":[{"href":"https:\/\/hostnetart.com.br\/baixada\/wp-json\/wp\/v2\/types\/post"}],"author":[{"embeddable":true,"href":"https:\/\/hostnetart.com.br\/baixada\/wp-json\/wp\/v2\/users\/2"}],"replies":[{"embeddable":true,"href":"https:\/\/hostnetart.com.br\/baixada\/wp-json\/wp\/v2\/comments?post=9735"}],"version-history":[{"count":0,"href":"https:\/\/hostnetart.com.br\/baixada\/wp-json\/wp\/v2\/posts\/9735\/revisions"}],"wp:featuredmedia":[{"embeddable":true,"href":"https:\/\/hostnetart.com.br\/baixada\/wp-json\/wp\/v2\/media\/9734"}],"wp:attachment":[{"href":"https:\/\/hostnetart.com.br\/baixada\/wp-json\/wp\/v2\/media?parent=9735"}],"wp:term":[{"taxonomy":"category","embeddable":true,"href":"https:\/\/hostnetart.com.br\/baixada\/wp-json\/wp\/v2\/categories?post=9735"},{"taxonomy":"post_tag","embeddable":true,"href":"https:\/\/hostnetart.com.br\/baixada\/wp-json\/wp\/v2\/tags?post=9735"}],"curies":[{"name":"wp","href":"https:\/\/api.w.org\/{rel}","templated":true}]}}