{"id":9731,"date":"2020-10-05T19:38:32","date_gmt":"2020-10-05T22:38:32","guid":{"rendered":"https:\/\/hostnetart.com.br\/baixada\/contraf-cut-cobra-fim-do-ranqueamento-de-funcionarios-do-banco-do-brasil\/"},"modified":"2020-10-05T19:38:32","modified_gmt":"2020-10-05T22:38:32","slug":"contraf-cut-cobra-fim-do-ranqueamento-de-funcionarios-do-banco-do-brasil","status":"publish","type":"post","link":"https:\/\/hostnetart.com.br\/baixada\/contraf-cut-cobra-fim-do-ranqueamento-de-funcionarios-do-banco-do-brasil\/","title":{"rendered":"Contraf-CUT cobra fim do ranqueamento de funcion\u00e1rios do Banco do Brasil"},"content":{"rendered":"<p>A Confedera\u00e7\u00e3o Nacional dos Trabalhadores do Ramo Financeiro (Contraf-CUT) enviou um of\u00edcio ao Banco do Brasil exigindo o cumprimento da cl\u00e1usula 23\u00aa do Acordo Coletivo de Trabalho, que define que os bancos, no monitoramento de resultados, n\u00e3o expor\u00e3o publicamente o ranking individual dos seus funcion\u00e1rios. A cl\u00e1usula 39\u00aa da Conven\u00e7\u00e3o Coletiva de Trabalho (CCT) da categoria banc\u00e1ria tamb\u00e9m pro\u00edbe a exposi\u00e7\u00e3o do ranking individual dos funcion\u00e1rios.<\/p>\n<p>Mas, em descumprimento ao ACT e \u00e0 CCT em vig\u00eancia, o banco exp\u00f5e os nomes de seus funcion\u00e1rios no sistema de Classifica\u00e7\u00e3o do Programa de Desempenho Gratificado (PDG), alerta o of\u00edcio.<\/p>\n<p>\u201cA exposi\u00e7\u00e3o do ranking individual dos funcion\u00e1rios deve ser corrigida de imediato\u201d, afirmou o coordenador da Comiss\u00e3o de Empresa dos Funcion\u00e1rios do Banco do Brasil (CEBB), Jo\u00e3o Fukunaga.<\/p>\n<p>\u201cOs nomes e classifica\u00e7\u00f5es dos funcion\u00e1rios s\u00e3o expostos nas telas do sistema, acess\u00edvel a qualquer funcion\u00e1rio. Conquistamos essa proibi\u00e7\u00e3o na Campanha Nacional (dos Banc\u00e1rios) de 2011 para reduzir o ass\u00e9dio moral e cobran\u00e7as excessivas aos funcion\u00e1rios, que acabam levando ao adoecimento. E vamos continuar defendendo sa\u00fade e melhores condi\u00e7\u00f5es de trabalho para os funcion\u00e1rios\u201d, disse o coordenador da CEBB, ao exigir que o banco responda formalmente o of\u00edcio, indicando a responsabiliza\u00e7\u00e3o pela determina\u00e7\u00e3o do procedimento.<\/p>\n<p><strong>Fonte: Contraf-CUT<\/strong><\/p>\n","protected":false},"excerpt":{"rendered":"<p>A Confedera\u00e7\u00e3o Nacional dos Trabalhadores do Ramo Financeiro (Contraf-CUT) enviou um of\u00edcio ao Banco do Brasil exigindo o cumprimento da cl\u00e1usula 23\u00aa do Acordo Coletivo de Trabalho, que define que os bancos, no monitoramento de resultados, n\u00e3o expor\u00e3o publicamente o ranking individual dos seus funcion\u00e1rios. A cl\u00e1usula 39\u00aa da Conven\u00e7\u00e3o Coletiva de Trabalho (CCT) da [&hellip;]<\/p>\n","protected":false},"author":2,"featured_media":9730,"comment_status":"","ping_status":"","sticky":false,"template":"","format":"standard","meta":{"footnotes":""},"categories":[3],"tags":[],"class_list":["post-9731","post","type-post","status-publish","format-standard","has-post-thumbnail","hentry","category-noticias"],"_links":{"self":[{"href":"https:\/\/hostnetart.com.br\/baixada\/wp-json\/wp\/v2\/posts\/9731","targetHints":{"allow":["GET"]}}],"collection":[{"href":"https:\/\/hostnetart.com.br\/baixada\/wp-json\/wp\/v2\/posts"}],"about":[{"href":"https:\/\/hostnetart.com.br\/baixada\/wp-json\/wp\/v2\/types\/post"}],"author":[{"embeddable":true,"href":"https:\/\/hostnetart.com.br\/baixada\/wp-json\/wp\/v2\/users\/2"}],"replies":[{"embeddable":true,"href":"https:\/\/hostnetart.com.br\/baixada\/wp-json\/wp\/v2\/comments?post=9731"}],"version-history":[{"count":0,"href":"https:\/\/hostnetart.com.br\/baixada\/wp-json\/wp\/v2\/posts\/9731\/revisions"}],"wp:featuredmedia":[{"embeddable":true,"href":"https:\/\/hostnetart.com.br\/baixada\/wp-json\/wp\/v2\/media\/9730"}],"wp:attachment":[{"href":"https:\/\/hostnetart.com.br\/baixada\/wp-json\/wp\/v2\/media?parent=9731"}],"wp:term":[{"taxonomy":"category","embeddable":true,"href":"https:\/\/hostnetart.com.br\/baixada\/wp-json\/wp\/v2\/categories?post=9731"},{"taxonomy":"post_tag","embeddable":true,"href":"https:\/\/hostnetart.com.br\/baixada\/wp-json\/wp\/v2\/tags?post=9731"}],"curies":[{"name":"wp","href":"https:\/\/api.w.org\/{rel}","templated":true}]}}