{"id":9729,"date":"2020-10-05T19:37:25","date_gmt":"2020-10-05T22:37:25","guid":{"rendered":"https:\/\/hostnetart.com.br\/baixada\/empregados-da-caixa-com-jornada-de-8-horas-ja-podem-negociar-reducao-de-intervalo\/"},"modified":"2020-10-05T19:37:25","modified_gmt":"2020-10-05T22:37:25","slug":"empregados-da-caixa-com-jornada-de-8-horas-ja-podem-negociar-reducao-de-intervalo","status":"publish","type":"post","link":"https:\/\/hostnetart.com.br\/baixada\/empregados-da-caixa-com-jornada-de-8-horas-ja-podem-negociar-reducao-de-intervalo\/","title":{"rendered":"Empregados da Caixa com jornada de 8 horas j\u00e1 podem negociar redu\u00e7\u00e3o de intervalo"},"content":{"rendered":"<p>Conquista da Campanha Nacional 2020, os empregados com jornada de 8h j\u00e1 podem negociar com o seu gestor sobre a diminui\u00e7\u00e3o do intervalo de descanso\/alimenta\u00e7\u00e3o para 30 min. A implanta\u00e7\u00e3o do intervalo flex\u00edvel estava prevista para mar\u00e7o de 2021 e foi antecipada para agora.<\/p>\n<p>\u201cA possibilidade de fazer intervalo de descanso\/alimenta\u00e7\u00e3o de 30 min \u00e9 uma reivindica\u00e7\u00e3o dos colegas, inclusive, para poderem antecipar o cumprimento de sua jornada e consequentemente sair mais cedo. Esperamos que de fato os empregados possam usufruir desse direito. Pedimos que, da mesma forma, a Caixa antecipe tamb\u00e9m a possibilidade de parcelar as f\u00e9rias em tr\u00eas vezes, pois a implementa\u00e7\u00e3o est\u00e1 prevista para mar\u00e7o de 2021\u201d, afirmou Fabiana Uehara Proscholdt, coordenadora da CEE\/Caixa.<\/p>\n<p><strong>Fonte: Contraf-CUT<\/strong><\/p>\n","protected":false},"excerpt":{"rendered":"<p>Conquista da Campanha Nacional 2020, os empregados com jornada de 8h j\u00e1 podem negociar com o seu gestor sobre a diminui\u00e7\u00e3o do intervalo de descanso\/alimenta\u00e7\u00e3o para 30 min. A implanta\u00e7\u00e3o do intervalo flex\u00edvel estava prevista para mar\u00e7o de 2021 e foi antecipada para agora. \u201cA possibilidade de fazer intervalo de descanso\/alimenta\u00e7\u00e3o de 30 min \u00e9 [&hellip;]<\/p>\n","protected":false},"author":2,"featured_media":9728,"comment_status":"","ping_status":"","sticky":false,"template":"","format":"standard","meta":{"footnotes":""},"categories":[3],"tags":[],"class_list":["post-9729","post","type-post","status-publish","format-standard","has-post-thumbnail","hentry","category-noticias"],"_links":{"self":[{"href":"https:\/\/hostnetart.com.br\/baixada\/wp-json\/wp\/v2\/posts\/9729","targetHints":{"allow":["GET"]}}],"collection":[{"href":"https:\/\/hostnetart.com.br\/baixada\/wp-json\/wp\/v2\/posts"}],"about":[{"href":"https:\/\/hostnetart.com.br\/baixada\/wp-json\/wp\/v2\/types\/post"}],"author":[{"embeddable":true,"href":"https:\/\/hostnetart.com.br\/baixada\/wp-json\/wp\/v2\/users\/2"}],"replies":[{"embeddable":true,"href":"https:\/\/hostnetart.com.br\/baixada\/wp-json\/wp\/v2\/comments?post=9729"}],"version-history":[{"count":0,"href":"https:\/\/hostnetart.com.br\/baixada\/wp-json\/wp\/v2\/posts\/9729\/revisions"}],"wp:featuredmedia":[{"embeddable":true,"href":"https:\/\/hostnetart.com.br\/baixada\/wp-json\/wp\/v2\/media\/9728"}],"wp:attachment":[{"href":"https:\/\/hostnetart.com.br\/baixada\/wp-json\/wp\/v2\/media?parent=9729"}],"wp:term":[{"taxonomy":"category","embeddable":true,"href":"https:\/\/hostnetart.com.br\/baixada\/wp-json\/wp\/v2\/categories?post=9729"},{"taxonomy":"post_tag","embeddable":true,"href":"https:\/\/hostnetart.com.br\/baixada\/wp-json\/wp\/v2\/tags?post=9729"}],"curies":[{"name":"wp","href":"https:\/\/api.w.org\/{rel}","templated":true}]}}