{"id":9727,"date":"2020-10-01T04:52:03","date_gmt":"2020-10-01T07:52:03","guid":{"rendered":"https:\/\/hostnetart.com.br\/baixada\/contraf-cut-cobra-reconhecimento-aos-funcionarios-do-ccb\/"},"modified":"2020-10-01T04:52:03","modified_gmt":"2020-10-01T07:52:03","slug":"contraf-cut-cobra-reconhecimento-aos-funcionarios-do-ccb","status":"publish","type":"post","link":"https:\/\/hostnetart.com.br\/baixada\/contraf-cut-cobra-reconhecimento-aos-funcionarios-do-ccb\/","title":{"rendered":"Contraf-CUT cobra reconhecimento aos funcion\u00e1rios do CCB"},"content":{"rendered":"<p>A Confedera\u00e7\u00e3o Nacional dos Trabalhadores do Ramo Financeiro (Contraf-CUT) reivindica a valoriza\u00e7\u00e3o dos trabalhadores CCB, antigo banco BIC. A institui\u00e7\u00e3o informou que n\u00e3o que n\u00e3o ir\u00e1 efetuar o pagamento da antecipa\u00e7\u00e3o da Participa\u00e7\u00e3o nos Lucros e Resultados (PLR), pois n\u00e3o obteve lucro. Por isso, o movimento sindical pede a abertura de negocia\u00e7\u00e3o de um valor de pagamento linear a todos os funcion\u00e1rios.<\/p>\n<p>\u201cTodos os trabalhadores se esfor\u00e7aram muito para manter os servi\u00e7os do banco em meio a uma pandemia mundial. Eles colocaram as suas vidas e das pessoas com quem convivem em risco em prol da institui\u00e7\u00e3o. Este tipo de hero\u00edsmo precisa ser reconhecido em momento como esse\u201d, afirmou Jair Alves, que coordena as negocia\u00e7\u00f5es com o banco.<\/p>\n<p><strong>Fonte: Contraf-CUT<\/strong><\/p>\n","protected":false},"excerpt":{"rendered":"<p>A Confedera\u00e7\u00e3o Nacional dos Trabalhadores do Ramo Financeiro (Contraf-CUT) reivindica a valoriza\u00e7\u00e3o dos trabalhadores CCB, antigo banco BIC. A institui\u00e7\u00e3o informou que n\u00e3o que n\u00e3o ir\u00e1 efetuar o pagamento da antecipa\u00e7\u00e3o da Participa\u00e7\u00e3o nos Lucros e Resultados (PLR), pois n\u00e3o obteve lucro. Por isso, o movimento sindical pede a abertura de negocia\u00e7\u00e3o de um valor [&hellip;]<\/p>\n","protected":false},"author":2,"featured_media":9726,"comment_status":"","ping_status":"","sticky":false,"template":"","format":"standard","meta":{"footnotes":""},"categories":[3],"tags":[],"class_list":["post-9727","post","type-post","status-publish","format-standard","has-post-thumbnail","hentry","category-noticias"],"_links":{"self":[{"href":"https:\/\/hostnetart.com.br\/baixada\/wp-json\/wp\/v2\/posts\/9727","targetHints":{"allow":["GET"]}}],"collection":[{"href":"https:\/\/hostnetart.com.br\/baixada\/wp-json\/wp\/v2\/posts"}],"about":[{"href":"https:\/\/hostnetart.com.br\/baixada\/wp-json\/wp\/v2\/types\/post"}],"author":[{"embeddable":true,"href":"https:\/\/hostnetart.com.br\/baixada\/wp-json\/wp\/v2\/users\/2"}],"replies":[{"embeddable":true,"href":"https:\/\/hostnetart.com.br\/baixada\/wp-json\/wp\/v2\/comments?post=9727"}],"version-history":[{"count":0,"href":"https:\/\/hostnetart.com.br\/baixada\/wp-json\/wp\/v2\/posts\/9727\/revisions"}],"wp:featuredmedia":[{"embeddable":true,"href":"https:\/\/hostnetart.com.br\/baixada\/wp-json\/wp\/v2\/media\/9726"}],"wp:attachment":[{"href":"https:\/\/hostnetart.com.br\/baixada\/wp-json\/wp\/v2\/media?parent=9727"}],"wp:term":[{"taxonomy":"category","embeddable":true,"href":"https:\/\/hostnetart.com.br\/baixada\/wp-json\/wp\/v2\/categories?post=9727"},{"taxonomy":"post_tag","embeddable":true,"href":"https:\/\/hostnetart.com.br\/baixada\/wp-json\/wp\/v2\/tags?post=9727"}],"curies":[{"name":"wp","href":"https:\/\/api.w.org\/{rel}","templated":true}]}}