{"id":9725,"date":"2020-10-01T04:51:16","date_gmt":"2020-10-01T07:51:16","guid":{"rendered":"https:\/\/hostnetart.com.br\/baixada\/de-janeiro-a-agosto-pais-perdeu-quase-850-mil-empregos-com-carteira\/"},"modified":"2020-10-01T04:51:16","modified_gmt":"2020-10-01T07:51:16","slug":"de-janeiro-a-agosto-pais-perdeu-quase-850-mil-empregos-com-carteira","status":"publish","type":"post","link":"https:\/\/hostnetart.com.br\/baixada\/de-janeiro-a-agosto-pais-perdeu-quase-850-mil-empregos-com-carteira\/","title":{"rendered":"De janeiro a agosto, pa\u00eds perdeu quase 850 mil empregos com carteira"},"content":{"rendered":"<p>O pa\u00eds eliminou 849.387 vagas com carteira assinada neste ano, de janeiro a agosto. Os dados, divulgados nesta quarta-feira (30), s\u00e3o do \u201cnovo\u201d Caged (<a href=\"https:\/\/www.gov.br\/trabalho\/pt-br\/assuntos\/empregador\/caged\" target=\"_blank\" rel=\"noopener noreferrer\">Cadastro Geral de Empregados e Desempregados<\/a>), do Minist\u00e9rio da Economia, referentes ao m\u00eas de agosto. O estoque de empregos formais est\u00e1 pouco abaixo de 38 milh\u00f5es. Em agosto de 2014, eram 41,1 milh\u00f5es de postos de trabalho.<\/p>\n<p>Entre os setores de atividade, tr\u00eas mostram resultado positivo no ano: agricultura, com saldo de 98.320 vagas (6,6%), administra\u00e7\u00e3o p\u00fablica, com 67.982 (1,4%), e constru\u00e7\u00e3o, com 58.464 (2,7%). Os que mais cortaram foram servi\u00e7os (menos 489.195, -2,7%) e com\u00e9rcio\/repara\u00e7\u00e3o de ve\u00edculos (409.830, -4,4%). A ind\u00fastria eliminou 107.024 (-1,4%).<\/p>\n<p class=\"has-background has-very-light-gray-background-color\">O saldo \u00e9 resultado de 9,2 milh\u00f5es de contrata\u00e7\u00f5es e 10 milh\u00f5es de demiss\u00f5es. Em rela\u00e7\u00e3o a 2019, as admiss\u00f5es ca\u00edram 16,7% e os desligamentos recuaram 3,9%.<\/p>\n<h3>\u201cReforma\u201d trabalhista<\/h3>\n<p>Ainda no acumulado do ano, o chamado trabalho intermitente abriu 35.767 vagas, enquanto o parcial fechou 12.431. J\u00e1 os desligamentos \u201cpor acordo\u201d somaram 116.356. Essas modalidades surgiram com a \u201creforma\u201d trabalhista de 2017.<\/p>\n<p>Apenas no m\u00eas de agosto, o \u201cnovo\u201d Caged teve saldo de 249.388 vagas. A ind\u00fastria abriu 92.893 e a constru\u00e7\u00e3o, 50.489. Tamb\u00e9m abriram postos de trabalho o com\u00e9rcio (49.08), os servi\u00e7os (45.412) e a agricultura (11.213).<\/p>\n<p><strong>Fonte: Rede Brasil Atual<\/strong><\/p>\n","protected":false},"excerpt":{"rendered":"<p>O pa\u00eds eliminou 849.387 vagas com carteira assinada neste ano, de janeiro a agosto. Os dados, divulgados nesta quarta-feira (30), s\u00e3o do \u201cnovo\u201d Caged (Cadastro Geral de Empregados e Desempregados), do Minist\u00e9rio da Economia, referentes ao m\u00eas de agosto. O estoque de empregos formais est\u00e1 pouco abaixo de 38 milh\u00f5es. Em agosto de 2014, eram [&hellip;]<\/p>\n","protected":false},"author":2,"featured_media":9724,"comment_status":"","ping_status":"","sticky":false,"template":"","format":"standard","meta":{"footnotes":""},"categories":[3],"tags":[],"class_list":["post-9725","post","type-post","status-publish","format-standard","has-post-thumbnail","hentry","category-noticias"],"_links":{"self":[{"href":"https:\/\/hostnetart.com.br\/baixada\/wp-json\/wp\/v2\/posts\/9725","targetHints":{"allow":["GET"]}}],"collection":[{"href":"https:\/\/hostnetart.com.br\/baixada\/wp-json\/wp\/v2\/posts"}],"about":[{"href":"https:\/\/hostnetart.com.br\/baixada\/wp-json\/wp\/v2\/types\/post"}],"author":[{"embeddable":true,"href":"https:\/\/hostnetart.com.br\/baixada\/wp-json\/wp\/v2\/users\/2"}],"replies":[{"embeddable":true,"href":"https:\/\/hostnetart.com.br\/baixada\/wp-json\/wp\/v2\/comments?post=9725"}],"version-history":[{"count":0,"href":"https:\/\/hostnetart.com.br\/baixada\/wp-json\/wp\/v2\/posts\/9725\/revisions"}],"wp:featuredmedia":[{"embeddable":true,"href":"https:\/\/hostnetart.com.br\/baixada\/wp-json\/wp\/v2\/media\/9724"}],"wp:attachment":[{"href":"https:\/\/hostnetart.com.br\/baixada\/wp-json\/wp\/v2\/media?parent=9725"}],"wp:term":[{"taxonomy":"category","embeddable":true,"href":"https:\/\/hostnetart.com.br\/baixada\/wp-json\/wp\/v2\/categories?post=9725"},{"taxonomy":"post_tag","embeddable":true,"href":"https:\/\/hostnetart.com.br\/baixada\/wp-json\/wp\/v2\/tags?post=9725"}],"curies":[{"name":"wp","href":"https:\/\/api.w.org\/{rel}","templated":true}]}}