{"id":9723,"date":"2020-10-01T04:48:57","date_gmt":"2020-10-01T07:48:57","guid":{"rendered":"https:\/\/hostnetart.com.br\/baixada\/bndes-encerra-mesa-de-negociacoes-com-empregados\/"},"modified":"2020-10-01T04:48:57","modified_gmt":"2020-10-01T07:48:57","slug":"bndes-encerra-mesa-de-negociacoes-com-empregados","status":"publish","type":"post","link":"https:\/\/hostnetart.com.br\/baixada\/bndes-encerra-mesa-de-negociacoes-com-empregados\/","title":{"rendered":"BNDES encerra mesa de negocia\u00e7\u00f5es com empregados"},"content":{"rendered":"<p>O Banco Nacional de Desenvolvimento Econ\u00f4mico e Social (BNDES) soltou um comunicado informando que n\u00e3o negociar\u00e1 mais a renova\u00e7\u00e3o do Acordo Coletivo de Trabalho dos empregados do sistema BNDES com os trabalhadores na mesa de negocia\u00e7\u00f5es bipartite e que as negocia\u00e7\u00f5es somente ocorrer\u00e3o com a media\u00e7\u00e3o do Tribunal Superior do Trabalho (TST).<\/p>\n<p>\u201cLamentamos essa decis\u00e3o da diretoria do BNDES. Pedimos a media\u00e7\u00e3o do TST, mas dissemos ao banco, em mesa de negocia\u00e7\u00f5es, que n\u00e3o quer\u00edamos encerrar as negocia\u00e7\u00f5es na mesa bipartite e que a busca da intermedia\u00e7\u00e3o era apenas o cumprimento de um tr\u00e2mite formal para a continuidade do di\u00e1logo em busca da solu\u00e7\u00e3o\u201d, explicou o vice-presidente da Confedera\u00e7\u00e3o Nacional dos Trabalhadores do Ramo Financeiro (Contraf-CUT). \u201cE, em momento algum, o banco disse que se ped\u00edssemos a intermedia\u00e7\u00e3o do TST o banco encerraria as negocia\u00e7\u00f5es bipartites\u201d, completou.<\/p>\n<h3>Postura do banco<\/h3>\n<p>Para o vice-presidente da Contraf-CUT, desde o in\u00edcio, o BNDES busca atacar os direitos dos trabalhadores e as organiza\u00e7\u00f5es de representa\u00e7\u00e3o sindical. \u201cEst\u00e1vamos e estamos dispostos a manter as negocia\u00e7\u00f5es. Encerrar as negocia\u00e7\u00f5es \u00e9 um desrespeito com os empregados, que aguardam ansiosos pelo desfecho da mesa\u201d, ponderou. \u201cBuscamos conversas para tentar encontrar uma solu\u00e7\u00e3o. Mas, desde o in\u00edcio, uma parcela da diretoria do banco, que n\u00e3o s\u00e3o de carreira, manteve uma postura de n\u00e3o resolver a situa\u00e7\u00e3o. Est\u00e3o l\u00e1 apenas para garantir que fosse cumprido o que o governo quer. N\u00e3o nos restou alternativa a n\u00e3o ser buscar essa media\u00e7\u00e3o, pois estava vencendo os 30 dias de manuten\u00e7\u00e3o da ultratividade dos direitos que conseguimos na Justi\u00e7a\u201d, argumentou Vin\u00edcius, ressaltando que a media\u00e7\u00e3o do TST n\u00e3o significa a judicializar\u00e7\u00e3o do processo de negocia\u00e7\u00f5es.<\/p>\n<p>\u201cA diretoria precisa dizer a verdade para o funcionalismo do BNDES. N\u00e3o pode confundir e dizer que sentou na mesa com disposi\u00e7\u00e3o de encontrar solu\u00e7\u00f5es, o que n\u00e3o vem acontecendo. S\u00e3o 2 meses e at\u00e9 agora o que avan\u00e7ou? S\u00f3 as cl\u00e1usulas econ\u00f4micas e mesmo assim seguindo a Fenaban, que tamb\u00e9m tem presen\u00e7a na mesa e nada resolveu\u201d, completou o vice-presidente da Contraf-CUT.<\/p>\n<h3><strong>Veja abaixo as mat\u00e9rias com o hist\u00f3rico das negocia\u00e7\u00f5es<\/strong><\/h3>\n<p>03\/08 \u2013\u00a0<a href=\"https:\/\/contrafcut.com.br\/noticias\/bancarios-do-bndes-autorizam-comissao-a-negociar-act\/?swcfpc=1\">Banc\u00e1rios do BNDES autorizam comiss\u00e3o a negociar ACT<\/a><br \/>05\/08 \u2013 Entrega da Minuta de reivindica\u00e7\u00f5es, aprovada na assembleia<br \/>12\/08 \u2013\u00a0<a href=\"https:\/\/contrafcut.com.br\/noticias\/bndes-funcionarios-reivindicam-manutencao-dos-direitos\/?swcfpc=1\">BNDES: Agendada primeira reuni\u00e3o de negocia\u00e7\u00f5es<\/a><br \/>13\/08 \u2013\u00a0<a href=\"https:\/\/contrafcut.com.br\/noticias\/trabalhadores-entregam-proposta-de-pre-acordo-ao-bndes\/?swcfpc=1\">Trabalhadores entregam proposta de pr\u00e9-acordo ao BNDES<\/a><br \/>18\/08 \u2013\u00a0<a href=\"https:\/\/contrafcut.com.br\/noticias\/bndes-veta-representantes-dos-funcionarios-e-negociacao-nao-acontece\/?swcfpc=1\">BNDES veta representantes dos funcion\u00e1rios e negocia\u00e7\u00e3o n\u00e3o acontece<\/a><br \/>20\/08 \u2013\u00a0<a href=\"https:\/\/contrafcut.com.br\/noticias\/bancarios-do-bndes-cobram-inicio-das-negociacoes-da-campanha-nacional-2020\/?swcfpc=1\">Banc\u00e1rios do BNDES cobram respeito aos seus representantes nas negocia\u00e7\u00f5es da Campanha Nacional 2020<\/a><br \/>24\/08 \u2013\u00a0<a href=\"https:\/\/contrafcut.com.br\/noticias\/funcionarios-do-bndes-referendaram-comissao-de-negociacao\/?swcfpc=1\">Funcion\u00e1rios do BNDES referendaram comiss\u00e3o de negocia\u00e7\u00e3o<\/a><br \/>24\/08 \u2013\u00a0<a href=\"https:\/\/contrafcut.com.br\/noticias\/bndes-marca-negociacao-para-terca-feira-25\/?swcfpc=1\">Hoje tem negocia\u00e7\u00e3o com o BNDES<\/a><br \/>25\/08 \u2013\u00a0<a href=\"https:\/\/contrafcut.com.br\/noticias\/bndes-nao-aceita-assinar-pre-acordo-e-quer-analisar-proposta-ponto-a-ponto\/?swcfpc=1\">BNDES n\u00e3o aceita assinar pr\u00e9-acordo e quer analisar proposta ponto a ponto<\/a><br \/>26\/08 \u2013\u00a0<a href=\"https:\/\/contrafcut.com.br\/noticias\/bndes-ataca-organizacao-dos-trabalhadores\/?swcfpc=1\">BNDES ataca organiza\u00e7\u00e3o dos trabalhadores<\/a><br \/>27\/08 \u2013\u00a0<a href=\"https:\/\/contrafcut.com.br\/noticias\/ataques-continuam-no-bndes\/?swcfpc=1\">Ataques continuam no BNDES<\/a><br \/>28\/08 \u2013\u00a0<a href=\"https:\/\/contrafcut.com.br\/noticias\/bndes-apresenta-mais-ataques-nas-negociacoes-desta-6a-feira-28\/?swcfpc=1\">BNDES apresenta mais ataques nas negocia\u00e7\u00f5es desta 6\u00aa feira (28)<\/a><br \/>29\/08 \u2013\u00a0<a href=\"https:\/\/contrafcut.com.br\/noticias\/bndes-97-dos-funcionarios-rejeitaram-proposta-do-banco\/?swcfpc=1\">BNDES: 97% dos funcion\u00e1rios rejeitaram proposta do banco<\/a><br \/>01\/09 \u2013\u00a0<a href=\"https:\/\/contrafcut.com.br\/noticias\/bndes-insiste-em-corte-de-direitos\/?swcfpc=1\">BNDES insiste em corte de direitos<\/a><br \/>02\/09 \u2013\u00a0<a href=\"https:\/\/contrafcut.com.br\/noticias\/bndes-funcionarios-rejeitam-proposta-de-retirada-de-direitos\/?swcfpc=1\">BNDES: Funcion\u00e1rios rejeitam proposta de retirada de direitos<\/a><br \/>02\/09 \u2013\u00a0<a href=\"https:\/\/contrafcut.com.br\/noticias\/tst-prorroga-vigencia-de-act-do-bndes\/?swcfpc=1\">TST prorroga vig\u00eancia de ACT do BNDES<\/a><br \/>10\/09 \u2013\u00a0<a href=\"https:\/\/contrafcut.com.br\/noticias\/funcionarios-cobram-disposicao-do-bndes-para-o-acordo\/?swcfpc=1\">Funcion\u00e1rios cobram disposi\u00e7\u00e3o do BNDES para o acordo<\/a><br \/>14\/09 \u2013\u00a0<a href=\"https:\/\/contrafcut.com.br\/noticias\/empregados-do-bndes-deliberam-nesta-terca-15-sobre-clausulas-economicas-do-act-2020\/?swcfpc=1\">Empregados do BNDES deliberam nesta ter\u00e7a (15) sobre cl\u00e1usulas econ\u00f4micas do ACT 2020<\/a><br \/>15\/09 \u2013\u00a0<a href=\"https:\/\/contrafcut.com.br\/noticias\/empregados-do-bndes-aprovam-acordo-com-o-banco\/?swcfpc=1\">Empregados do BNDES aprovam acordo com o banco<\/a><br \/>18\/09 \u2013\u00a0<a href=\"https:\/\/contrafcut.com.br\/noticias\/comissao-do-funcionalismo-volta-a-se-reunir-com-o-bndes-para-negociar-demais-clausulas-da-act\/?swcfpc=1\">Comiss\u00e3o do funcionalismo volta a se reunir com o BNDES para negociar demais cl\u00e1usulas da ACT<\/a><br \/>22\/09 \u2013\u00a0<a href=\"https:\/\/contrafcut.com.br\/noticias\/negociacoes-com-o-bndes-foram-retomadas-na-2a-e-devem-continuar-nesta-3a-22\/?swcfpc=1\">Negocia\u00e7\u00f5es com o BNDES foram retomadas na 2\u00aa e devem continuar nesta 3\u00aa (22)<\/a>.<\/p>\n<p><strong>Fonte: Contraf-CUT<\/strong><\/p>\n","protected":false},"excerpt":{"rendered":"<p>O Banco Nacional de Desenvolvimento Econ\u00f4mico e Social (BNDES) soltou um comunicado informando que n\u00e3o negociar\u00e1 mais a renova\u00e7\u00e3o do Acordo Coletivo de Trabalho dos empregados do sistema BNDES com os trabalhadores na mesa de negocia\u00e7\u00f5es bipartite e que as negocia\u00e7\u00f5es somente ocorrer\u00e3o com a media\u00e7\u00e3o do Tribunal Superior do Trabalho (TST). \u201cLamentamos essa decis\u00e3o [&hellip;]<\/p>\n","protected":false},"author":2,"featured_media":9722,"comment_status":"","ping_status":"","sticky":false,"template":"","format":"standard","meta":{"footnotes":""},"categories":[3],"tags":[],"class_list":["post-9723","post","type-post","status-publish","format-standard","has-post-thumbnail","hentry","category-noticias"],"_links":{"self":[{"href":"https:\/\/hostnetart.com.br\/baixada\/wp-json\/wp\/v2\/posts\/9723","targetHints":{"allow":["GET"]}}],"collection":[{"href":"https:\/\/hostnetart.com.br\/baixada\/wp-json\/wp\/v2\/posts"}],"about":[{"href":"https:\/\/hostnetart.com.br\/baixada\/wp-json\/wp\/v2\/types\/post"}],"author":[{"embeddable":true,"href":"https:\/\/hostnetart.com.br\/baixada\/wp-json\/wp\/v2\/users\/2"}],"replies":[{"embeddable":true,"href":"https:\/\/hostnetart.com.br\/baixada\/wp-json\/wp\/v2\/comments?post=9723"}],"version-history":[{"count":0,"href":"https:\/\/hostnetart.com.br\/baixada\/wp-json\/wp\/v2\/posts\/9723\/revisions"}],"wp:featuredmedia":[{"embeddable":true,"href":"https:\/\/hostnetart.com.br\/baixada\/wp-json\/wp\/v2\/media\/9722"}],"wp:attachment":[{"href":"https:\/\/hostnetart.com.br\/baixada\/wp-json\/wp\/v2\/media?parent=9723"}],"wp:term":[{"taxonomy":"category","embeddable":true,"href":"https:\/\/hostnetart.com.br\/baixada\/wp-json\/wp\/v2\/categories?post=9723"},{"taxonomy":"post_tag","embeddable":true,"href":"https:\/\/hostnetart.com.br\/baixada\/wp-json\/wp\/v2\/tags?post=9723"}],"curies":[{"name":"wp","href":"https:\/\/api.w.org\/{rel}","templated":true}]}}