{"id":9721,"date":"2020-09-30T18:18:50","date_gmt":"2020-09-30T21:18:50","guid":{"rendered":"https:\/\/hostnetart.com.br\/baixada\/bancarios-realizam-tuitaco-contra-demissoes-no-itau-na-sexta-2\/"},"modified":"2020-09-30T18:18:50","modified_gmt":"2020-09-30T21:18:50","slug":"bancarios-realizam-tuitaco-contra-demissoes-no-itau-na-sexta-2","status":"publish","type":"post","link":"https:\/\/hostnetart.com.br\/baixada\/bancarios-realizam-tuitaco-contra-demissoes-no-itau-na-sexta-2\/","title":{"rendered":"Banc\u00e1rios realizam tuita\u00e7o contra demiss\u00f5es no Ita\u00fa na sexta (2)"},"content":{"rendered":"<p>Os banc\u00e1rios de todo o Brasil realizam um novo tuita\u00e7o, nesta sexta-feira (02), em protesto contra as\u00a0<a href=\"https:\/\/contrafcut.com.br\/noticias\/itau-quebra-compromisso-e-demite-durante-a-pandemia\/\" target=\"_blank\" rel=\"noopener noreferrer\">demiss\u00f5es que o banco Ita\u00fa vem realizando em plena pandemia<\/a>. A a\u00e7\u00e3o faz parte da\u00a0<a href=\"https:\/\/contrafcut.com.br\/noticias\/bancarios-do-itau-lancam-campanha-contra-demissoes\/\" target=\"_blank\" rel=\"noopener noreferrer\">campanha #Ita\u00faN\u00e3oDemitaMeusPais, lan\u00e7ada na semana passada<\/a>, para denunciar os desligamentos, que contrariam o compromisso da dire\u00e7\u00e3o do Ita\u00fa de n\u00e3o demitir durante a pandemia do coronav\u00edrus (Covid-19).<\/p>\n<p>O tuita\u00e7o ser\u00e1 realizado a partir das 11 horas. Os materiais a serem utilizados foram enviados por comunicado para os sindicatos e federa\u00e7\u00f5es e est\u00e3o dispon\u00edveis na \u00e1rea de acesso restrito do site da Confedera\u00e7\u00e3o Nacional dos Trabalhadores do Ramo Financeiro (Contraf-CUT). Os trabalhadores devem usar as imagens e as frases nas suas contas do Twitter com a # Ita\u00faN\u00e3oDemitaMeusPais.<\/p>\n<p>\u201cN\u00e3o h\u00e1 justificativa para demitir com um lucro de mais de oito bilh\u00f5es no primeiro semestre de 2020. A propaganda na imprensa \u00e9 de um Banco que se preocupa com os funcion\u00e1rios e clientes e ainda com o Brasil, doando para combater a Pandemia. Mas, a realidade \u00e9 outra, demite v\u00e1rios trabalhadores contribuindo para o aumento do n\u00famero de desempregados. Cad\u00ea a responsabilidade social Ita\u00fa?\u201d, questiona Valeska Pincovai, membra do COE Ita\u00fa.<\/p>\n<p><strong>Fonte: Contraf-CUT<\/strong><\/p>\n","protected":false},"excerpt":{"rendered":"<p>Os banc\u00e1rios de todo o Brasil realizam um novo tuita\u00e7o, nesta sexta-feira (02), em protesto contra as\u00a0demiss\u00f5es que o banco Ita\u00fa vem realizando em plena pandemia. A a\u00e7\u00e3o faz parte da\u00a0campanha #Ita\u00faN\u00e3oDemitaMeusPais, lan\u00e7ada na semana passada, para denunciar os desligamentos, que contrariam o compromisso da dire\u00e7\u00e3o do Ita\u00fa de n\u00e3o demitir durante a pandemia do [&hellip;]<\/p>\n","protected":false},"author":2,"featured_media":9720,"comment_status":"","ping_status":"","sticky":false,"template":"","format":"standard","meta":{"footnotes":""},"categories":[3],"tags":[],"class_list":["post-9721","post","type-post","status-publish","format-standard","has-post-thumbnail","hentry","category-noticias"],"_links":{"self":[{"href":"https:\/\/hostnetart.com.br\/baixada\/wp-json\/wp\/v2\/posts\/9721","targetHints":{"allow":["GET"]}}],"collection":[{"href":"https:\/\/hostnetart.com.br\/baixada\/wp-json\/wp\/v2\/posts"}],"about":[{"href":"https:\/\/hostnetart.com.br\/baixada\/wp-json\/wp\/v2\/types\/post"}],"author":[{"embeddable":true,"href":"https:\/\/hostnetart.com.br\/baixada\/wp-json\/wp\/v2\/users\/2"}],"replies":[{"embeddable":true,"href":"https:\/\/hostnetart.com.br\/baixada\/wp-json\/wp\/v2\/comments?post=9721"}],"version-history":[{"count":0,"href":"https:\/\/hostnetart.com.br\/baixada\/wp-json\/wp\/v2\/posts\/9721\/revisions"}],"wp:featuredmedia":[{"embeddable":true,"href":"https:\/\/hostnetart.com.br\/baixada\/wp-json\/wp\/v2\/media\/9720"}],"wp:attachment":[{"href":"https:\/\/hostnetart.com.br\/baixada\/wp-json\/wp\/v2\/media?parent=9721"}],"wp:term":[{"taxonomy":"category","embeddable":true,"href":"https:\/\/hostnetart.com.br\/baixada\/wp-json\/wp\/v2\/categories?post=9721"},{"taxonomy":"post_tag","embeddable":true,"href":"https:\/\/hostnetart.com.br\/baixada\/wp-json\/wp\/v2\/tags?post=9721"}],"curies":[{"name":"wp","href":"https:\/\/api.w.org\/{rel}","templated":true}]}}