{"id":9719,"date":"2020-09-30T16:55:47","date_gmt":"2020-09-30T19:55:47","guid":{"rendered":"https:\/\/hostnetart.com.br\/baixada\/depois-de-cobranca-da-categoria-financeiras-voltam-a-mesa-de-negociacoes\/"},"modified":"2020-09-30T16:55:47","modified_gmt":"2020-09-30T19:55:47","slug":"depois-de-cobranca-da-categoria-financeiras-voltam-a-mesa-de-negociacoes","status":"publish","type":"post","link":"https:\/\/hostnetart.com.br\/baixada\/depois-de-cobranca-da-categoria-financeiras-voltam-a-mesa-de-negociacoes\/","title":{"rendered":"Depois de cobran\u00e7a da categoria, Financeiras voltam \u00e0 mesa de negocia\u00e7\u00f5es"},"content":{"rendered":"<p>A Comiss\u00e3o de Organiza\u00e7\u00e3o dos Financi\u00e1rios se re\u00fane, nesta quinta-feira, \u00e0s 10h, com Federa\u00e7\u00e3o Interestadual das Institui\u00e7\u00f5es de Cr\u00e9dito, Financiamento e Investimento (Fenacrefi), para debater a renova\u00e7\u00e3o da Conven\u00e7\u00e3o Coletiva de Trabalho (CCT). Esta ser\u00e1 a segunda reuni\u00e3o de negocia\u00e7\u00e3o, a primeira foi realizada em 3 de julho, quando a Fenacrefi acenou com a renova\u00e7\u00e3o da CCT por dois anos e marcou uma nova reuni\u00e3o para o dia 10, que foi cancelada junto com o pedido de suspens\u00e3o tempor\u00e1ria das negocia\u00e7\u00f5es. A pauta de reivindica\u00e7\u00f5es da categoria, com data-base em 1\u00ba de junho, foi enviada no dia 10 de junho.<\/p>\n<p><a href=\"https:\/\/contrafcut.com.br\/noticias\/financiarios-cobram-reabertura-da-campanha-nacional-2020\/\" target=\"_blank\" rel=\"noopener noreferrer\">Neste per\u00edodo, a Comiss\u00e3o de Organiza\u00e7\u00e3o dos Financi\u00e1rios fez diversas cobran\u00e7as da reabertura de negocia\u00e7\u00f5es<\/a>. Na semana passada, os representantes das financeiras enviaram uma\u00a0<a href=\"https:\/\/contrafcut.com.br\/noticias\/financiarios-rejeitam-proposta-da-fenacrefi\/\" target=\"_blank\" rel=\"noopener noreferrer\">proposta por e-mail, que foi imediatamente rejeitada, junto com um novo pedido de negocia\u00e7\u00f5es<\/a>.<\/p>\n<p>\u201cH\u00e1 meses estamos tentando voltar para a mesa de negocia\u00e7\u00f5es afim de debater a renova\u00e7\u00e3o da CCT. Esperamos que a Fenacrefi venha amanh\u00e3 uma proposta que atenda os anseios da categoria e reconhe\u00e7a os esfor\u00e7os dos trabalhadores durante os \u00faltimos dois anos, em especial, neste per\u00edodo de pandemia\u201d, afirmou Jair Alves, coordenador da Comiss\u00e3o.<\/p>\n<p><strong>Fonte: Contraf-CUT<\/strong><\/p>\n","protected":false},"excerpt":{"rendered":"<p>A Comiss\u00e3o de Organiza\u00e7\u00e3o dos Financi\u00e1rios se re\u00fane, nesta quinta-feira, \u00e0s 10h, com Federa\u00e7\u00e3o Interestadual das Institui\u00e7\u00f5es de Cr\u00e9dito, Financiamento e Investimento (Fenacrefi), para debater a renova\u00e7\u00e3o da Conven\u00e7\u00e3o Coletiva de Trabalho (CCT). Esta ser\u00e1 a segunda reuni\u00e3o de negocia\u00e7\u00e3o, a primeira foi realizada em 3 de julho, quando a Fenacrefi acenou com a renova\u00e7\u00e3o [&hellip;]<\/p>\n","protected":false},"author":2,"featured_media":9718,"comment_status":"","ping_status":"","sticky":false,"template":"","format":"standard","meta":{"footnotes":""},"categories":[3],"tags":[],"class_list":["post-9719","post","type-post","status-publish","format-standard","has-post-thumbnail","hentry","category-noticias"],"_links":{"self":[{"href":"https:\/\/hostnetart.com.br\/baixada\/wp-json\/wp\/v2\/posts\/9719","targetHints":{"allow":["GET"]}}],"collection":[{"href":"https:\/\/hostnetart.com.br\/baixada\/wp-json\/wp\/v2\/posts"}],"about":[{"href":"https:\/\/hostnetart.com.br\/baixada\/wp-json\/wp\/v2\/types\/post"}],"author":[{"embeddable":true,"href":"https:\/\/hostnetart.com.br\/baixada\/wp-json\/wp\/v2\/users\/2"}],"replies":[{"embeddable":true,"href":"https:\/\/hostnetart.com.br\/baixada\/wp-json\/wp\/v2\/comments?post=9719"}],"version-history":[{"count":0,"href":"https:\/\/hostnetart.com.br\/baixada\/wp-json\/wp\/v2\/posts\/9719\/revisions"}],"wp:featuredmedia":[{"embeddable":true,"href":"https:\/\/hostnetart.com.br\/baixada\/wp-json\/wp\/v2\/media\/9718"}],"wp:attachment":[{"href":"https:\/\/hostnetart.com.br\/baixada\/wp-json\/wp\/v2\/media?parent=9719"}],"wp:term":[{"taxonomy":"category","embeddable":true,"href":"https:\/\/hostnetart.com.br\/baixada\/wp-json\/wp\/v2\/categories?post=9719"},{"taxonomy":"post_tag","embeddable":true,"href":"https:\/\/hostnetart.com.br\/baixada\/wp-json\/wp\/v2\/tags?post=9719"}],"curies":[{"name":"wp","href":"https:\/\/api.w.org\/{rel}","templated":true}]}}