{"id":9715,"date":"2020-09-30T13:59:56","date_gmt":"2020-09-30T16:59:56","guid":{"rendered":"https:\/\/hostnetart.com.br\/baixada\/desemprego-e-desalento-recordes-subutilizacao-aumenta-e-trabalho-formal-despenca\/"},"modified":"2020-09-30T13:59:56","modified_gmt":"2020-09-30T16:59:56","slug":"desemprego-e-desalento-recordes-subutilizacao-aumenta-e-trabalho-formal-despenca","status":"publish","type":"post","link":"https:\/\/hostnetart.com.br\/baixada\/desemprego-e-desalento-recordes-subutilizacao-aumenta-e-trabalho-formal-despenca\/","title":{"rendered":"Desemprego e desalento recordes, subutiliza\u00e7\u00e3o aumenta e trabalho formal despenca"},"content":{"rendered":"<p>Mesmo com muita gente fora do mercado de trabalho, o que poderia reduzir a press\u00e3o sobre o \u00edndice, a\u00a0<a href=\"https:\/\/www.redebrasilatual.com.br\/tag\/desemprego\/\" target=\"_blank\" rel=\"noopener noreferrer\">taxa de desemprego<\/a>\u00a0no Brasil chegou ao recorde de 13,8% no trimestre encerrado em julho. \u00c9 a mais alta da s\u00e9rie hist\u00f3rica, iniciada em 2012. S\u00e3o 13,130 milh\u00f5es de desempregados, 561 mil a mais em rela\u00e7\u00e3o a igual per\u00edodo de 2019. Os resultados foram divulgados nesta quarta-feira (30) pelo IBGE.<\/p>\n<p>A\u00a0<a href=\"https:\/\/www.ibge.gov.br\/estatisticas\/multidominio\/condicoes-de-vida-desigualdade-e-pobreza\/17270-pnad-continua.html\" target=\"_blank\" rel=\"noopener noreferrer\">Pesquisa Nacional por Amostra de Domic\u00edlios (Pnad) Cont\u00ednua<\/a>\u00a0trouxe outros dados negativos. O desalento e a subutiliza\u00e7\u00e3o da m\u00e3o de obra, por exemplo, tamb\u00e9m bateram recordes. E o total de ocupados atingiu o menor n\u00edvel da s\u00e9rie, assim como o n\u00famero de empregos com registro em carteira.<\/p>\n<h3>Menor for\u00e7a de trabalho<\/h3>\n<p>A popula\u00e7\u00e3o ocupada agora soma 82,027 milh\u00f5es. S\u00e3o menos 7,2 milh\u00f5es em tr\u00eas meses (-8,1%) e menos 11,6 milh\u00f5es na compara\u00e7\u00e3o com julho do ano passado (-12,3%). O n\u00edvel de ocupa\u00e7\u00e3o (ocupados em rela\u00e7\u00e3o \u00e0 popula\u00e7\u00e3o ativa) tamb\u00e9m \u00e9 menor da hist\u00f3ria, abaixo de 50% (47,1%, perda de 7,6 pontos percentuais em um ano).<\/p>\n<p>Al\u00e9m disso, a pr\u00f3pria for\u00e7a de trabalho chegou ao seu menor n\u00edvel. Agora, o total chega a 95,198 milh\u00f5es, quase 11 milh\u00f5es a menos em ela\u00e7\u00e3o a 2019 \u2013 queda de 10,4%. E a popula\u00e7\u00e3o fora de for\u00e7a de trabalho chegou ao recorde de 78,956 milh\u00f5es.<\/p>\n<h3>Desalento e subtiliza\u00e7\u00e3o<\/h3>\n<p>Os chamados subtilizados \u2013 pessoas que gostariam de trabalhar mais \u2013 agora somam 32,9 milh\u00f5es. Acr\u00e9scimo de 4,2 milh\u00f5es (14,7%) em um trimestre e de 4,8% (17%) em 12 meses. A taxa de subutiliza\u00e7\u00e3o cresceu 5,6 pontos percentuais em um ano e chegou ao recorde 30,1%.<\/p>\n<p>A popula\u00e7\u00e3o desalentada, por sua vez, chegou aos 5,8 milh\u00f5es. Mais um recorde registrado pelo IBGE. Em rela\u00e7\u00e3o a abril, s\u00e3o 771 mil a mais (crescimento de 15,3%). Sobre julho de 2019, acr\u00e9scimo de 966 mil (20%). O percentual de desalentados em rela\u00e7\u00e3o \u00e0 for\u00e7a de trabalho atingiu 5,7%.<\/p>\n<p>A<strong>s<\/strong>\u00a0em rela\u00e7\u00e3o \u00e0 popula\u00e7\u00e3o na for\u00e7a de trabalho ou desalentada (5,7%) tamb\u00e9m foi recorde, crescendo 1,0 p.p. frente ao trimestre anterior e de 1,4 p.p. contra o mesmo trimestre de 2019.<\/p>\n<h3>Nem com carteira, nem sem<\/h3>\n<p>Estimado em 29,385 milh\u00f5es, o n\u00famero de\u00a0empregados\u00a0com carteira assinada no setor privado \u00e9 o menor da s\u00e9rie. Diminuiu em 2,8 milh\u00f5es em um trimestre (-8,8%) e em 3,8 milh\u00f5es (-11,3%) na compara\u00e7\u00e3o anual. Tamb\u00e9m caiu o total de empregados sem carteira (8,691 milh\u00f5es) e de trabalhadores por conta pr\u00f3pria (21,406 milh\u00f5es). Durante muito tempo, nos \u00faltimos anos, essas duas categorias sustentaram a ocupa\u00e7\u00e3o.<\/p>\n<p>O n\u00famero de\u00a0trabalhadores dom\u00e9sticos tamb\u00e9m \u00e9 o menor da s\u00e9rie hist\u00f3rica: 4,593 milh\u00f5es. O setor perdeu 931 mil vagas frente ao trimestre encerrado em abril (-16,8%) e 1,686 milh\u00e3o (-26,9%) em rela\u00e7\u00e3o a julho do ano passado.<\/p>\n<h3>Queda generalizada<\/h3>\n<p>Ainda na compara\u00e7\u00e3o trimestral, a ocupa\u00e7\u00e3o caiu em oito dos 10 grupos de atividade. A ind\u00fastria, por exemplo, perdeu 916 mil vagas , queda de 8%. A constru\u00e7\u00e3o eliminou 559 mil (-9,5%) e o com\u00e9rcio\/repara\u00e7\u00e3o de ve\u00edculos, 1,613 milh\u00e3o (-9,%).<\/p>\n<p>Em rela\u00e7\u00e3o ao trimestre encerrado em julho de 2019, o emprego encolheu em nove dos 10 grupos. Menos 1,524 milh\u00e3o na ind\u00fastria (-12,7%), 1,313 milh\u00e3o na constru\u00e7\u00e3o (-19,7%), 2,449 milh\u00f5es no com\u00e9rcio\/repara\u00e7\u00e3o de ve\u00edculos (-14%) e 599 mil na agricultura\/pecu\u00e1ria (-6,9%). Em servi\u00e7os de alojamento e alimenta\u00e7\u00e3o, a retra\u00e7\u00e3o foi de 30%: 1,625 milh\u00e3o a menos.<\/p>\n<p>Calculado em R$ 2.535, o rendimento m\u00e9dio subiu 4,8% no trimestre e 8,6% em 12 meses, indicando elimina\u00e7\u00e3o do emprego em setores de menor remunera\u00e7\u00e3o. Mas com a queda da ocupa\u00e7\u00e3o, a massa de rendimento \u2013 R$ 203,016 bilh\u00f5es \u2013 caiu 3,8% no trimestre e 4,7% em um ano. Isso corresponde a menos R$ 10,031 bilh\u00f5es na economia.<\/p>\n<p><strong>Fonte: Contraf-CUT<\/strong><\/p>\n","protected":false},"excerpt":{"rendered":"<p>Mesmo com muita gente fora do mercado de trabalho, o que poderia reduzir a press\u00e3o sobre o \u00edndice, a\u00a0taxa de desemprego\u00a0no Brasil chegou ao recorde de 13,8% no trimestre encerrado em julho. \u00c9 a mais alta da s\u00e9rie hist\u00f3rica, iniciada em 2012. S\u00e3o 13,130 milh\u00f5es de desempregados, 561 mil a mais em rela\u00e7\u00e3o a igual [&hellip;]<\/p>\n","protected":false},"author":2,"featured_media":9714,"comment_status":"","ping_status":"","sticky":false,"template":"","format":"standard","meta":{"footnotes":""},"categories":[3],"tags":[],"class_list":["post-9715","post","type-post","status-publish","format-standard","has-post-thumbnail","hentry","category-noticias"],"_links":{"self":[{"href":"https:\/\/hostnetart.com.br\/baixada\/wp-json\/wp\/v2\/posts\/9715","targetHints":{"allow":["GET"]}}],"collection":[{"href":"https:\/\/hostnetart.com.br\/baixada\/wp-json\/wp\/v2\/posts"}],"about":[{"href":"https:\/\/hostnetart.com.br\/baixada\/wp-json\/wp\/v2\/types\/post"}],"author":[{"embeddable":true,"href":"https:\/\/hostnetart.com.br\/baixada\/wp-json\/wp\/v2\/users\/2"}],"replies":[{"embeddable":true,"href":"https:\/\/hostnetart.com.br\/baixada\/wp-json\/wp\/v2\/comments?post=9715"}],"version-history":[{"count":0,"href":"https:\/\/hostnetart.com.br\/baixada\/wp-json\/wp\/v2\/posts\/9715\/revisions"}],"wp:featuredmedia":[{"embeddable":true,"href":"https:\/\/hostnetart.com.br\/baixada\/wp-json\/wp\/v2\/media\/9714"}],"wp:attachment":[{"href":"https:\/\/hostnetart.com.br\/baixada\/wp-json\/wp\/v2\/media?parent=9715"}],"wp:term":[{"taxonomy":"category","embeddable":true,"href":"https:\/\/hostnetart.com.br\/baixada\/wp-json\/wp\/v2\/categories?post=9715"},{"taxonomy":"post_tag","embeddable":true,"href":"https:\/\/hostnetart.com.br\/baixada\/wp-json\/wp\/v2\/tags?post=9715"}],"curies":[{"name":"wp","href":"https:\/\/api.w.org\/{rel}","templated":true}]}}