{"id":9713,"date":"2020-09-30T13:39:42","date_gmt":"2020-09-30T16:39:42","guid":{"rendered":"https:\/\/hostnetart.com.br\/baixada\/campanha-em-defesa-do-servico-publico-e-lancada-nesta-quarta-30\/"},"modified":"2020-09-30T13:39:42","modified_gmt":"2020-09-30T16:39:42","slug":"campanha-em-defesa-do-servico-publico-e-lancada-nesta-quarta-30","status":"publish","type":"post","link":"https:\/\/hostnetart.com.br\/baixada\/campanha-em-defesa-do-servico-publico-e-lancada-nesta-quarta-30\/","title":{"rendered":"Campanha em defesa do servi\u00e7o p\u00fablico \u00e9 lan\u00e7ada nesta quarta (30)"},"content":{"rendered":"<p>A Central \u00danica dos Trabalhadores (CUT) e demais centrais sindicais\u00a0<a href=\"https:\/\/www.cut.org.br\/noticias\/cut-e-centrais-lancam-campanha-em-defesa-do-servico-publico-nesta-quarta-30-ea41\" target=\"_blank\" rel=\"noopener noreferrer\">lan\u00e7am, nesta quarta-feira (30)<\/a>, a Campanha Nacional em Defesa das Estatais e do Servi\u00e7o P\u00fablico. Ser\u00e3o realizados\u00a0<a href=\"https:\/\/www.cut.org.br\/noticias\/confira-onde-tem-atos-do-dia-nacional-em-defesa-do-servico-publico-nesta-quarta-94a1\" target=\"_blank\" rel=\"noopener noreferrer\">atos presenciais e virtuais em diversos locais do pa\u00eds<\/a>. A campanha ser\u00e1 permanente e visa denunciar \u00e0 sociedade os preju\u00edzos causados \u00e0 popula\u00e7\u00e3o pelo processo de destrui\u00e7\u00e3o do setor p\u00fablico brasileiro, que vem sendo intensificado pelo governo de Jair Bolsonaro (ex-PSL), com a busca de privatiza\u00e7\u00e3o de estatais estrat\u00e9gicas para o pa\u00eds, diversos ataques aos servidores e o sucateamento do servi\u00e7o p\u00fablico prestado \u00e0 popula\u00e7\u00e3o.<\/p>\n<p>A popula\u00e7\u00e3o brasileira, que j\u00e1 sofre com a falta de estrutura e as dificuldades de acesso a servi\u00e7os p\u00fablicos, como na \u00e1rea da sa\u00fade e da seguridade social, com postos, hospitais e ag\u00eancias do Instituto Nacional do Seguro Social (INSS) com equipamentos velhos e sem o contingente suficiente de servidores para prestar atendimento, corre o risco de perder totalmente o direito ao servi\u00e7o p\u00fablico. A proposta de\u00a0<a href=\"https:\/\/www.cut.org.br\/noticias\/reforma-administrativa-acena-ao-mercado-e-penaliza-populacao-diz-condsef-281b\">Emenda Constitucional da reforma administrativa (EC 32)<\/a>, que Bolsonaro\u00a0<a href=\"https:\/\/www.camara.leg.br\/proposicoesWeb\/prop_mostrarintegra;jsessionid=0A921B7469BD4C4EEABEC11460B3FAE3.proposicoesWebExterno2?codteor=1928147&amp;filename=PEC+32\/2020\" target=\"_blank\" rel=\"noopener noreferrer\">enviou ao Congresso<\/a>, faz com que os servi\u00e7os p\u00fablicos passem para as m\u00e3os de Organiza\u00e7\u00f5es Sociais (OS) e outros instrumentos que est\u00e3o previstos em Lei que precarizam o trabalho e baixam a qualidade dos servi\u00e7os prestados ao povo.<\/p>\n<p>\u201cA maioria da popula\u00e7\u00e3o j\u00e1 entendeu que se \u00e9 p\u00fablico \u00e9 para todos e que o setor privado visa apenas o lucro, a exemplo dos planos de sa\u00fade, que poucos podem pagar por um \u00f3timo plano que d\u00e1 acesso aos melhores hospitais, exames e servi\u00e7os. E quando o tratamento \u00e9 muito caro eles jogam o custo para o SUS. Cobram diferente conforme a faixa et\u00e1ria tornando impeditivo para os que tem mais idade e que, normalmente usam mais. O ideal \u00e9 investir na sa\u00fade p\u00fablica e esse governo est\u00e1 fazendo o oposto, tirando recursos, mesmo na pandemia\u201d, disse Juvandia Moreira, presidenta da Confedera\u00e7\u00e3o Nacional dos Trabalhadores do Ramo Financeiro (Contraf-CUT), lembrando do aumento dos custos de energia, g\u00e1s e gasolina, que foram ou est\u00e3o sendo repassados \u00e0 iniciativa privada.<\/p>\n<p>Juvandia comentou tamb\u00e9m do desmonte dos Correios, que est\u00e1 sendo promovido por Bolsonaro, lembrando da import\u00e2ncia da empresa para os brasileiros e que hoje est\u00e1 em todo o Brasil, mas se for privatizado muitos munic\u00edpios deixar\u00e3o de receber encomendas; rem\u00e9dios etc. levados pela empresa p\u00fablica, assim como os bancos privados n\u00e3o querem estar nos munic\u00edpios menores.<\/p>\n<p>\u201cBolsonaro representa um projeto que visa a entrega do patrim\u00f4nio p\u00fablico ao setor privado. Est\u00e3o promovendo um desmonte tamanho que, daqui a pouco, todos os brasileiros ter\u00e3o de pagar pela sa\u00fade, pela educa\u00e7\u00e3o, seguran\u00e7a, acesso a \u00e1gua e por todos os demais servi\u00e7os p\u00fablicos. E somente quem vai conseguir pagar s\u00e3o os ricos, n\u00e3o os trabalhadores, nem os profissionais liberais, micro e pequenos empres\u00e1rios\u201d, completou Juvandia presidenta da Contraf-CUT.<\/p>\n<h3>Bancos p\u00fablicos<\/h3>\n<p>Al\u00e9m dos trabalhadores de bancos p\u00fablicos, toda a popula\u00e7\u00e3o pode ser afetada pelas propostas do governo Bolsonaro, incluindo a Caixa Econ\u00f4mica Federal, o Banco do Brasil e o Banco do Nordeste Brasileiro. \u201cSabemos da import\u00e2ncia dos servi\u00e7os prestados pelos bancos p\u00fablicos em todo o pa\u00eds. Nos bairros e cidades afastados dos centros comerciais, o servi\u00e7o banc\u00e1rio \u00e9 garantido somente pelos bancos p\u00fablicos. Os bancos privados concentram suas ag\u00eancias e sua atua\u00e7\u00e3o nas regi\u00f5es e locais onde a popula\u00e7\u00e3o tem maior renda\u201d, disse a economista Vivian Machado, do Departamento Intersindical de Estat\u00edstica e Estudos Socioecon\u00f4micos (Dieese), ressaltando que o servi\u00e7o prestado pelos bancos privados \u00e9 uma concess\u00e3o p\u00fablica.<\/p>\n<p>Um levantamento realizado pelo Dieese aponta que os bancos privados concentram sua atua\u00e7\u00e3o na regi\u00e3o Sudeste, mais especificamente na cidade de S\u00e3o Paulo. Essa realidade \u00e9 constatada tanto em n\u00famero de ag\u00eancias, quanto no montante de cr\u00e9dito. Os dados apontam que 42% dos munic\u00edpios do pa\u00eds n\u00e3o possuem nenhuma ag\u00eancia banc\u00e1ria. Em 7% n\u00e3o qualquer tipo de atendimento banc\u00e1rio. Os dados mostram que, de janeiro a abril de 2020, foram fechadas 283 ag\u00eancias banc\u00e1rias no pa\u00eds.<\/p>\n<p>Em 2012, os bancos atendiam 66% dos munic\u00edpios brasileiros. Atualmente, em apenas 58%.<\/p>\n<p><a href=\"https:\/\/contrafcut.com.br\/noticias\/bancos-fecham-agencias-e-aumentam-sofrimento-dos-brasileiros\" target=\"_blank\" rel=\"noopener noreferrer\">A redu\u00e7\u00e3o de unidades atinge tamb\u00e9m os bancos p\u00fablicos<\/a>. Nos \u00faltimos tr\u00eas anos a Caixa perdeu 42 ag\u00eancias. E mar\u00e7o de 2017, o banco contava com 3.414 ag\u00eancias; em mar\u00e7o de 2020, com 3.372 ag\u00eancias. No Banco do Brasil, a redu\u00e7\u00e3o de ag\u00eancias come\u00e7ou a partir de 2015. No final de dezembro de 2014 o BB possu\u00eda 5.524 ag\u00eancias. Em mar\u00e7o de 2020 apenas 4.368. Uma redu\u00e7\u00e3o de 1.156 unidades s\u00f3 do BB.<\/p>\n<p>Em alguns estados, a situa\u00e7\u00e3o \u00e9 extremamente cr\u00edtica, como em Roraima, onde dos 15 munic\u00edpios, apenas quatro contam com ag\u00eancias banc\u00e1rias. Em tr\u00eas deles existem apenas ag\u00eancias de bancos p\u00fablicos. Bancos privados, apenas na capital. \u201cAs pessoas precisam se deslocar por longas dist\u00e2ncias, irem para outras cidades para poder contar com os servi\u00e7os de um banco. Em grande parte das vezes, quando encontra, precisa enfrentar longas filas, porque os bancos, al\u00e9m de reduzir as ag\u00eancias, tamb\u00e9m est\u00e3o reduzindo o quadro de funcion\u00e1rios\u201d, disse a economista Vivian Machado, do Dieese, uma das respons\u00e1veis pelo levantamento das informa\u00e7\u00f5es.<\/p>\n<p>O sucateamento, que afeta o atendimento \u00e0 popula\u00e7\u00e3o, tamb\u00e9m ocorre com a redu\u00e7\u00e3o do quadro de funcion\u00e1rios. A Caixa, por exemplo, chegou a ter 101.484 empregados em 2014. Nos resultados do balan\u00e7o do 1\u00ba trimestre de 2020, o banco informou que possui quadro de pessoal com 84.113 trabalhadores.<\/p>\n<h3><strong>Concentra\u00e7\u00e3o do cr\u00e9dito<\/strong><\/h3>\n<p>A economista do Dieese afirma ainda que os bancos privados concentram sua atua\u00e7\u00e3o na regi\u00e3o Sudeste. \u201cIsso \u00e9 constatado n\u00e3o apenas no n\u00famero de ag\u00eancias, mas tamb\u00e9m na concess\u00e3o de cr\u00e9dito. Os bancos privados s\u00f3 concedem mais cr\u00e9dito na regi\u00e3o Sudeste, nas outras quatro, a maior parte do cr\u00e9dito \u00e9 dos bancos p\u00fablicos, chegando pr\u00f3ximo aos 90% no Norte, Centro-Oeste e Nordeste e a 80% no Sul\u201d, informou a economista do Dieese.<\/p>\n<p>Dados do Banco Central apontam que 90,9% do cr\u00e9dito concedido no Norte tem origem nos bancos p\u00fablicos; no Centro-Oeste, 88,1% prov\u00e9m de bancos p\u00fablicos, no Nordeste 84,8% e no Sul 80,5%.<\/p>\n<p>\u201cEste n\u00famero j\u00e1 foi maior, mas desde 2015 os governos est\u00e3o reduzindo o poder de atua\u00e7\u00e3o dos bancos p\u00fablicos\u201d, alertou a economista do Dieese.<\/p>\n<p>\u201cEste \u00e9 mais um dos motivos pelos quais \u00e9 t\u00e3o importante defendermos os bancos p\u00fablicos. S\u00e3o eles que atendem as necessidades da sociedade. Os bancos privados se preocupam com o lucro e com a rentabilidade que ter\u00e3o com o neg\u00f3cio\u201d, concluiu a presidenta da Contraf-CUT.<\/p>\n<p><strong>Fonte: Contraf-CUT<\/strong><\/p>\n","protected":false},"excerpt":{"rendered":"<p>A Central \u00danica dos Trabalhadores (CUT) e demais centrais sindicais\u00a0lan\u00e7am, nesta quarta-feira (30), a Campanha Nacional em Defesa das Estatais e do Servi\u00e7o P\u00fablico. Ser\u00e3o realizados\u00a0atos presenciais e virtuais em diversos locais do pa\u00eds. A campanha ser\u00e1 permanente e visa denunciar \u00e0 sociedade os preju\u00edzos causados \u00e0 popula\u00e7\u00e3o pelo processo de destrui\u00e7\u00e3o do setor p\u00fablico [&hellip;]<\/p>\n","protected":false},"author":2,"featured_media":9712,"comment_status":"","ping_status":"","sticky":false,"template":"","format":"standard","meta":{"footnotes":""},"categories":[3],"tags":[],"class_list":["post-9713","post","type-post","status-publish","format-standard","has-post-thumbnail","hentry","category-noticias"],"_links":{"self":[{"href":"https:\/\/hostnetart.com.br\/baixada\/wp-json\/wp\/v2\/posts\/9713","targetHints":{"allow":["GET"]}}],"collection":[{"href":"https:\/\/hostnetart.com.br\/baixada\/wp-json\/wp\/v2\/posts"}],"about":[{"href":"https:\/\/hostnetart.com.br\/baixada\/wp-json\/wp\/v2\/types\/post"}],"author":[{"embeddable":true,"href":"https:\/\/hostnetart.com.br\/baixada\/wp-json\/wp\/v2\/users\/2"}],"replies":[{"embeddable":true,"href":"https:\/\/hostnetart.com.br\/baixada\/wp-json\/wp\/v2\/comments?post=9713"}],"version-history":[{"count":0,"href":"https:\/\/hostnetart.com.br\/baixada\/wp-json\/wp\/v2\/posts\/9713\/revisions"}],"wp:featuredmedia":[{"embeddable":true,"href":"https:\/\/hostnetart.com.br\/baixada\/wp-json\/wp\/v2\/media\/9712"}],"wp:attachment":[{"href":"https:\/\/hostnetart.com.br\/baixada\/wp-json\/wp\/v2\/media?parent=9713"}],"wp:term":[{"taxonomy":"category","embeddable":true,"href":"https:\/\/hostnetart.com.br\/baixada\/wp-json\/wp\/v2\/categories?post=9713"},{"taxonomy":"post_tag","embeddable":true,"href":"https:\/\/hostnetart.com.br\/baixada\/wp-json\/wp\/v2\/tags?post=9713"}],"curies":[{"name":"wp","href":"https:\/\/api.w.org\/{rel}","templated":true}]}}