{"id":9711,"date":"2020-09-29T16:28:40","date_gmt":"2020-09-29T19:28:40","guid":{"rendered":"https:\/\/hostnetart.com.br\/baixada\/contraf-cut-cobra-reuniao-com-o-bradesco\/"},"modified":"2020-09-29T16:28:40","modified_gmt":"2020-09-29T19:28:40","slug":"contraf-cut-cobra-reuniao-com-o-bradesco","status":"publish","type":"post","link":"https:\/\/hostnetart.com.br\/baixada\/contraf-cut-cobra-reuniao-com-o-bradesco\/","title":{"rendered":"Contraf-CUT cobra reuni\u00e3o com o Bradesco"},"content":{"rendered":"<p>A Confedera\u00e7\u00e3o Nacional dos Trabalhadores do Ramo Financeiro (Contraf-CUT) e a Comiss\u00e3o de Organiza\u00e7\u00e3o de Empresa (COE) do Bradesco cobram uma reuni\u00e3o com o banco para debater o comunicado enviado nesta segunda-feira (28) aos funcion\u00e1rios. Na tarde desta ter\u00e7a-feira (29), a COE Bradesco se reuniu, por videoconfer\u00eancia, para discutir o assunto.<\/p>\n<p>O texto do documento informa que o banco ir\u00e1 conceder um benef\u00edcio adicional no desligamento sem justa causa por conta da pandemia de coronav\u00edrus (Covid-19). \u201cNo texto parece que eles s\u00e3o muito bonzinhos. Mas, eles ignoraram o fato de terem lucrado mais de R$ 7 bilh\u00f5es neste ano. E, ainda pior, desrespeita o compromisso firmado com o movimento sindical, em abril deste ano, de n\u00e3o desligar banc\u00e1rios durante a pandemia de Covid-19. Nosso compromisso \u00e9 com a garantia de empregos de todos os banc\u00e1rios\u201d, afirmou Magaly Fagundes, coordenadora da COE.<\/p>\n<p>Al\u00e9m das demiss\u00f5es serem sem justa causa, h\u00e1 casos de funcion\u00e1rios com hist\u00f3rico de adoecimento causado pelo trabalho no banco. \u201c\u00c9 uma total falta de sensibilidade e de responsabilidade social com os trabalhadores, que foram verdadeiros her\u00f3is com sua atua\u00e7\u00e3o em plena pandemia\u201d, disse. \u201cEsperamos que o banco nos atenda o quanto antes para discutirmos a suspens\u00e3o dos desligamentos\u201d, finalizou Magaly.<\/p>\n<p>Fonte: Contraf-CUT<\/p>\n","protected":false},"excerpt":{"rendered":"<p>A Confedera\u00e7\u00e3o Nacional dos Trabalhadores do Ramo Financeiro (Contraf-CUT) e a Comiss\u00e3o de Organiza\u00e7\u00e3o de Empresa (COE) do Bradesco cobram uma reuni\u00e3o com o banco para debater o comunicado enviado nesta segunda-feira (28) aos funcion\u00e1rios. Na tarde desta ter\u00e7a-feira (29), a COE Bradesco se reuniu, por videoconfer\u00eancia, para discutir o assunto. O texto do documento [&hellip;]<\/p>\n","protected":false},"author":2,"featured_media":9710,"comment_status":"","ping_status":"","sticky":false,"template":"","format":"standard","meta":{"footnotes":""},"categories":[3],"tags":[],"class_list":["post-9711","post","type-post","status-publish","format-standard","has-post-thumbnail","hentry","category-noticias"],"_links":{"self":[{"href":"https:\/\/hostnetart.com.br\/baixada\/wp-json\/wp\/v2\/posts\/9711","targetHints":{"allow":["GET"]}}],"collection":[{"href":"https:\/\/hostnetart.com.br\/baixada\/wp-json\/wp\/v2\/posts"}],"about":[{"href":"https:\/\/hostnetart.com.br\/baixada\/wp-json\/wp\/v2\/types\/post"}],"author":[{"embeddable":true,"href":"https:\/\/hostnetart.com.br\/baixada\/wp-json\/wp\/v2\/users\/2"}],"replies":[{"embeddable":true,"href":"https:\/\/hostnetart.com.br\/baixada\/wp-json\/wp\/v2\/comments?post=9711"}],"version-history":[{"count":0,"href":"https:\/\/hostnetart.com.br\/baixada\/wp-json\/wp\/v2\/posts\/9711\/revisions"}],"wp:featuredmedia":[{"embeddable":true,"href":"https:\/\/hostnetart.com.br\/baixada\/wp-json\/wp\/v2\/media\/9710"}],"wp:attachment":[{"href":"https:\/\/hostnetart.com.br\/baixada\/wp-json\/wp\/v2\/media?parent=9711"}],"wp:term":[{"taxonomy":"category","embeddable":true,"href":"https:\/\/hostnetart.com.br\/baixada\/wp-json\/wp\/v2\/categories?post=9711"},{"taxonomy":"post_tag","embeddable":true,"href":"https:\/\/hostnetart.com.br\/baixada\/wp-json\/wp\/v2\/tags?post=9711"}],"curies":[{"name":"wp","href":"https:\/\/api.w.org\/{rel}","templated":true}]}}