{"id":971,"date":"2015-06-25T14:07:00","date_gmt":"2015-06-25T17:07:00","guid":{"rendered":"https:\/\/hostnetart.com.br\/baixada\/contraf-cut-realiza-segunda-reuniao-de-midia-unificada\/"},"modified":"2015-06-25T14:07:00","modified_gmt":"2015-06-25T17:07:00","slug":"contraf-cut-realiza-segunda-reuniao-de-midia-unificada","status":"publish","type":"post","link":"https:\/\/hostnetart.com.br\/baixada\/contraf-cut-realiza-segunda-reuniao-de-midia-unificada\/","title":{"rendered":"Contraf-CUT realiza segunda reuni\u00e3o de m\u00eddia unificada"},"content":{"rendered":"<p>Dirigentes do Comando Nacional, sindicatos, federa\u00e7\u00f5es, diretores de comunica\u00e7\u00e3o e jornalistas e publicit\u00e1rios das entidades banc\u00e1rias de todo o Pa\u00eds se reuniram na sede da Contraf-CUT, em S\u00e3o Paulo, para a segunda discuss\u00e3o sobre m\u00eddia da Campanha Nacional dos Banc\u00e1rios 2015.<\/p>\n<p>Os participantes avaliaram propostas apresentadas por federa\u00e7\u00f5es e sindicatos. Em seguida, foi debatido um mote principal e definido que todos devem apresentar suas propostas para a campanha na pr\u00f3xima reuni\u00e3o, que acontecer\u00e1 dia 1 de julho, na sede da Contra-CUT.<\/p>\n<p>Gerson Pereira , secret\u00e1rio de Imprensa da Contraf-CUT, avaliou como positivo mais esse encontro. \u201cAvan\u00e7amos muito ao definir um tema central para todos os sindicatos trabalharem e constru\u00edrem suas ideias. Contamos com a participa\u00e7\u00e3o de todos no pr\u00f3ximo encontro\u201d, convocou.<\/p>\n<p>\u00a0<\/p>\n","protected":false},"excerpt":{"rendered":"<p>Dirigentes do Comando Nacional, sindicatos, federa\u00e7\u00f5es, diretores de comunica\u00e7\u00e3o e jornalistas e publicit\u00e1rios das entidades banc\u00e1rias de todo o Pa\u00eds se reuniram na sede da Contraf-CUT, em S\u00e3o Paulo, para a segunda discuss\u00e3o sobre m\u00eddia da Campanha Nacional dos Banc\u00e1rios 2015. Os participantes avaliaram propostas apresentadas por federa\u00e7\u00f5es e sindicatos. Em seguida, foi debatido um [&hellip;]<\/p>\n","protected":false},"author":1,"featured_media":970,"comment_status":"","ping_status":"","sticky":false,"template":"","format":"standard","meta":{"footnotes":""},"categories":[3],"tags":[],"class_list":["post-971","post","type-post","status-publish","format-standard","has-post-thumbnail","hentry","category-noticias"],"_links":{"self":[{"href":"https:\/\/hostnetart.com.br\/baixada\/wp-json\/wp\/v2\/posts\/971","targetHints":{"allow":["GET"]}}],"collection":[{"href":"https:\/\/hostnetart.com.br\/baixada\/wp-json\/wp\/v2\/posts"}],"about":[{"href":"https:\/\/hostnetart.com.br\/baixada\/wp-json\/wp\/v2\/types\/post"}],"author":[{"embeddable":true,"href":"https:\/\/hostnetart.com.br\/baixada\/wp-json\/wp\/v2\/users\/1"}],"replies":[{"embeddable":true,"href":"https:\/\/hostnetart.com.br\/baixada\/wp-json\/wp\/v2\/comments?post=971"}],"version-history":[{"count":0,"href":"https:\/\/hostnetart.com.br\/baixada\/wp-json\/wp\/v2\/posts\/971\/revisions"}],"wp:featuredmedia":[{"embeddable":true,"href":"https:\/\/hostnetart.com.br\/baixada\/wp-json\/wp\/v2\/media\/970"}],"wp:attachment":[{"href":"https:\/\/hostnetart.com.br\/baixada\/wp-json\/wp\/v2\/media?parent=971"}],"wp:term":[{"taxonomy":"category","embeddable":true,"href":"https:\/\/hostnetart.com.br\/baixada\/wp-json\/wp\/v2\/categories?post=971"},{"taxonomy":"post_tag","embeddable":true,"href":"https:\/\/hostnetart.com.br\/baixada\/wp-json\/wp\/v2\/tags?post=971"}],"curies":[{"name":"wp","href":"https:\/\/api.w.org\/{rel}","templated":true}]}}