{"id":9705,"date":"2020-09-29T13:25:44","date_gmt":"2020-09-29T16:25:44","guid":{"rendered":"https:\/\/hostnetart.com.br\/baixada\/reformas-de-guedes-sao-para-desconstruir-o-estado-aponta-diretor-do-dieese\/"},"modified":"2020-09-29T13:25:44","modified_gmt":"2020-09-29T16:25:44","slug":"reformas-de-guedes-sao-para-desconstruir-o-estado-aponta-diretor-do-dieese","status":"publish","type":"post","link":"https:\/\/hostnetart.com.br\/baixada\/reformas-de-guedes-sao-para-desconstruir-o-estado-aponta-diretor-do-dieese\/","title":{"rendered":"Reformas de Guedes s\u00e3o para desconstruir o Estado, aponta diretor do Dieese"},"content":{"rendered":"<p>O governo Jair Bolsonaro n\u00e3o tem projeto econ\u00f4mico para o pa\u00eds. As reformas propostas por Paulo Guedes s\u00e3o para descontruir o Estado, retirar direitos sociais e aumentar a onera\u00e7\u00e3o sobre os mais pobres. A avalia\u00e7\u00e3o \u00e9 do diretor t\u00e9cnico do\u00a0<a href=\"http:\/\/dieese.org.br\/\">Dieese<\/a>, Fausto Augusto J\u00fanior.<\/p>\n<p>Sem apoio parlamentar, o Executivo n\u00e3o enviou, nesta segunda-feira (28), a proposta para criar um imposto sobre transa\u00e7\u00f5es digitais,\u00a0<a href=\"https:\/\/www.redebrasilatual.com.br\/economia\/2020\/09\/cpmf-peso-tributario-mais-pobres\/\" target=\"_blank\" rel=\"noopener noreferrer\">uma nova vers\u00e3o da CPMF<\/a>. Para o analista, Bolsonaro e Guedes n\u00e3o pretendem fazer uma reforma tribut\u00e1ria que torne o sistema brasileiro menos injusto, mas sim aumentar a arrecada\u00e7\u00e3o a qualquer custo.<\/p>\n<p>\u201cA CPMF \u00e9 um caminho f\u00e1cil para isso, porque j\u00e1 foi utilizada e arrecada rapidamente. Entretanto, tem um car\u00e1ter regressivo, porque a popula\u00e7\u00e3o paga a mesma al\u00edquota independentemente do status social\u201d, explica Fausto, no\u00a0<strong>Jornal Brasil Atual<\/strong>.\u00a0<\/p>\n<h2><span style=\"text-decoration: underline;\">Reformas<\/span><\/h2>\n<p>As reformas propostas pela equipe econ\u00f4mica de Paulo Guedes v\u00e3o na dire\u00e7\u00e3o de um pa\u00eds mais desigual. Uma das modifica\u00e7\u00f5es tribut\u00e1rias diz respeito \u00e0\u00a0<a href=\"https:\/\/www.redebrasilatual.com.br\/economia\/2020\/07\/reforma-tributaria-bolsonaro-pobres\/\" target=\"_blank\" rel=\"noopener noreferrer\">unifica\u00e7\u00e3o do PIS e da Cofins em um tributo<\/a>\u00a0sobre valor agregado, com o nome de Contribui\u00e7\u00e3o sobre Bens e Servi\u00e7os (CBS) e al\u00edquota de 12%. A arrecada\u00e7\u00e3o destes tributos ajudava no or\u00e7amento da seguridade social.<\/p>\n<p>Segundo Fausto, o governo federal s\u00f3 tem interesse em se aproximar dos extratos mais ricos, sem a inten\u00e7\u00e3o de tribut\u00e1-los. \u201cEsses super ricos ampliaram seus patrim\u00f4nios durante a pandemia e n\u00e3o ser\u00e3o onerados na crise. \u00c9 um cen\u00e1rio bastante dif\u00edcil, onde o mercado pede mais reformas, mas que s\u00e3o tentativas de desconstru\u00e7\u00e3o do Estado. J\u00e1 vimos, desde 2016, o Teto de Gastos, as reformas trabalhista e da Previd\u00eancia, tudo em busca de um pa\u00eds mais injusto e concentrador de renda\u201d, criticou.<\/p>\n<p>Al\u00e9m disso, Guedes quer\u00a0<a href=\"https:\/\/www.redebrasilatual.com.br\/economia\/2020\/08\/reforma-administrativa-falsos-argumentos\/\" target=\"_blank\" rel=\"noopener noreferrer\">passar a reforma administrativa<\/a>, que prev\u00ea retirada de servidores e recursos de setores como educa\u00e7\u00e3o, sa\u00fade e seguran\u00e7a. Ou seja, o projeto deve sucatear ainda mais o acesso a direitos sociais previstos na Constitui\u00e7\u00e3o Federal.<\/p>\n<p>\u201cO cidad\u00e3o comum, que tem sua vida vinculada aos direitos sociais, vai perder parte deles, porque \u00e9 a reconstru\u00e7\u00e3o de um Estado que tira sua renda e faz voc\u00ea pagar a conta da crise. O atual presidente chama de privilegiado o trabalhador formal com uma renda est\u00e1vel, tirando o foco dos grandes banqueiros e empres\u00e1rios\u201d, acrescenta o diretor t\u00e9cnico do Dieese.<\/p>\n<p><strong>Fonte: Rede Brasil Atual<\/strong><\/p>\n","protected":false},"excerpt":{"rendered":"<p>O governo Jair Bolsonaro n\u00e3o tem projeto econ\u00f4mico para o pa\u00eds. As reformas propostas por Paulo Guedes s\u00e3o para descontruir o Estado, retirar direitos sociais e aumentar a onera\u00e7\u00e3o sobre os mais pobres. A avalia\u00e7\u00e3o \u00e9 do diretor t\u00e9cnico do\u00a0Dieese, Fausto Augusto J\u00fanior. Sem apoio parlamentar, o Executivo n\u00e3o enviou, nesta segunda-feira (28), a proposta [&hellip;]<\/p>\n","protected":false},"author":2,"featured_media":9704,"comment_status":"","ping_status":"","sticky":false,"template":"","format":"standard","meta":{"footnotes":""},"categories":[3],"tags":[],"class_list":["post-9705","post","type-post","status-publish","format-standard","has-post-thumbnail","hentry","category-noticias"],"_links":{"self":[{"href":"https:\/\/hostnetart.com.br\/baixada\/wp-json\/wp\/v2\/posts\/9705","targetHints":{"allow":["GET"]}}],"collection":[{"href":"https:\/\/hostnetart.com.br\/baixada\/wp-json\/wp\/v2\/posts"}],"about":[{"href":"https:\/\/hostnetart.com.br\/baixada\/wp-json\/wp\/v2\/types\/post"}],"author":[{"embeddable":true,"href":"https:\/\/hostnetart.com.br\/baixada\/wp-json\/wp\/v2\/users\/2"}],"replies":[{"embeddable":true,"href":"https:\/\/hostnetart.com.br\/baixada\/wp-json\/wp\/v2\/comments?post=9705"}],"version-history":[{"count":0,"href":"https:\/\/hostnetart.com.br\/baixada\/wp-json\/wp\/v2\/posts\/9705\/revisions"}],"wp:featuredmedia":[{"embeddable":true,"href":"https:\/\/hostnetart.com.br\/baixada\/wp-json\/wp\/v2\/media\/9704"}],"wp:attachment":[{"href":"https:\/\/hostnetart.com.br\/baixada\/wp-json\/wp\/v2\/media?parent=9705"}],"wp:term":[{"taxonomy":"category","embeddable":true,"href":"https:\/\/hostnetart.com.br\/baixada\/wp-json\/wp\/v2\/categories?post=9705"},{"taxonomy":"post_tag","embeddable":true,"href":"https:\/\/hostnetart.com.br\/baixada\/wp-json\/wp\/v2\/tags?post=9705"}],"curies":[{"name":"wp","href":"https:\/\/api.w.org\/{rel}","templated":true}]}}