{"id":9703,"date":"2020-09-29T03:33:01","date_gmt":"2020-09-29T06:33:01","guid":{"rendered":"https:\/\/hostnetart.com.br\/baixada\/sindicato-reintegra-mais-uma-bancaria\/"},"modified":"2020-09-29T03:33:01","modified_gmt":"2020-09-29T06:33:01","slug":"sindicato-reintegra-mais-uma-bancaria","status":"publish","type":"post","link":"https:\/\/hostnetart.com.br\/baixada\/sindicato-reintegra-mais-uma-bancaria\/","title":{"rendered":"Sindicato reintegra mais uma banc\u00e1ria"},"content":{"rendered":"<p>O Sindicato dos Banc\u00e1rios da Baixada Fluminense conseguiu, na justi\u00e7a, mais uma reintegra\u00e7\u00e3o.\u00a0<\/p>\n<p>A funcion\u00e1ria do Banco Bradesco, Elaine Pontes, da Ag\u00eancia Saracuruna (6632) foi demitida em abril de 2018, depois de mais de 15 anos de dedica\u00e7\u00e3o ao banco. Na \u00e9poca, na fun\u00e7\u00e3o de caixa.<\/p>\n<p>\u201cMe sindicalizei assim que fui admitida no banco. J\u00e1 sabia que o Sindicato contava com diversos tipos de atendimento, inclusive com um departamento jur\u00eddico forte e que sempre reintegrou colegas de profiss\u00e3o. Fui demitida, sem justa causa, e procurei ajuda e suporte do meu Sindicato. Fui muito bem recebida e atendida pelos diretores Silvio Brand\u00e3o e R\u00fabio Barros e por toda a equipe sindical.\u00a0Foi um processo que foi necess\u00e1rio ter confian\u00e7a no trabalho do &#8220;homem&#8221; e F\u00e9 na justi\u00e7a &#8220;Divina&#8221;.\u00a0Agrade\u00e7o todas e todos os diretores do Sindicato, sempre muito sol\u00edcitos at\u00e9 o dia da minha reintegra\u00e7\u00e3o. Reintegra\u00e7\u00e3o da minha dignidade e da minha honra. Tamb\u00e9m gostaria de agradecer ao competente advogado Luiz Paulo. Seu comprometimento foi muito importante no processo e, principalmente, na garantia de um desfecho justo e feliz. Excelente profissional.\u201d \u2013 declarou Elaine.<\/p>\n<p>SINDICALIZE-SE<\/p>\n<p>Al\u00e9m da assessoria jur\u00eddica e de sa\u00fade, o Sindicato conta com atendimento dent\u00e1rio, com diversos conv\u00eanios que concedem descontos para banc\u00e1rias e banc\u00e1rios, como universidades, lojas, pousadas, etc., e com aluguel de espa\u00e7os para eventos e festas.<\/p>\n<p>Sindicalize-se e fortale\u00e7a a luta em defesa dos direitos dos banc\u00e1rios e banc\u00e1rias!<\/p>\n","protected":false},"excerpt":{"rendered":"<p>O Sindicato dos Banc\u00e1rios da Baixada Fluminense conseguiu, na justi\u00e7a, mais uma reintegra\u00e7\u00e3o.\u00a0 A funcion\u00e1ria do Banco Bradesco, Elaine Pontes, da Ag\u00eancia Saracuruna (6632) foi demitida em abril de 2018, depois de mais de 15 anos de dedica\u00e7\u00e3o ao banco. Na \u00e9poca, na fun\u00e7\u00e3o de caixa. \u201cMe sindicalizei assim que fui admitida no banco. J\u00e1 [&hellip;]<\/p>\n","protected":false},"author":2,"featured_media":9702,"comment_status":"","ping_status":"","sticky":false,"template":"","format":"standard","meta":{"footnotes":""},"categories":[3],"tags":[],"class_list":["post-9703","post","type-post","status-publish","format-standard","has-post-thumbnail","hentry","category-noticias"],"_links":{"self":[{"href":"https:\/\/hostnetart.com.br\/baixada\/wp-json\/wp\/v2\/posts\/9703","targetHints":{"allow":["GET"]}}],"collection":[{"href":"https:\/\/hostnetart.com.br\/baixada\/wp-json\/wp\/v2\/posts"}],"about":[{"href":"https:\/\/hostnetart.com.br\/baixada\/wp-json\/wp\/v2\/types\/post"}],"author":[{"embeddable":true,"href":"https:\/\/hostnetart.com.br\/baixada\/wp-json\/wp\/v2\/users\/2"}],"replies":[{"embeddable":true,"href":"https:\/\/hostnetart.com.br\/baixada\/wp-json\/wp\/v2\/comments?post=9703"}],"version-history":[{"count":0,"href":"https:\/\/hostnetart.com.br\/baixada\/wp-json\/wp\/v2\/posts\/9703\/revisions"}],"wp:featuredmedia":[{"embeddable":true,"href":"https:\/\/hostnetart.com.br\/baixada\/wp-json\/wp\/v2\/media\/9702"}],"wp:attachment":[{"href":"https:\/\/hostnetart.com.br\/baixada\/wp-json\/wp\/v2\/media?parent=9703"}],"wp:term":[{"taxonomy":"category","embeddable":true,"href":"https:\/\/hostnetart.com.br\/baixada\/wp-json\/wp\/v2\/categories?post=9703"},{"taxonomy":"post_tag","embeddable":true,"href":"https:\/\/hostnetart.com.br\/baixada\/wp-json\/wp\/v2\/tags?post=9703"}],"curies":[{"name":"wp","href":"https:\/\/api.w.org\/{rel}","templated":true}]}}