{"id":9701,"date":"2020-09-28T20:42:35","date_gmt":"2020-09-28T23:42:35","guid":{"rendered":"https:\/\/hostnetart.com.br\/baixada\/possivel-volta-da-cpmf-aumenta-peso-dos-tributos-sobre-mais-pobres-diz-economista\/"},"modified":"2020-09-28T20:42:35","modified_gmt":"2020-09-28T23:42:35","slug":"possivel-volta-da-cpmf-aumenta-peso-dos-tributos-sobre-mais-pobres-diz-economista","status":"publish","type":"post","link":"https:\/\/hostnetart.com.br\/baixada\/possivel-volta-da-cpmf-aumenta-peso-dos-tributos-sobre-mais-pobres-diz-economista\/","title":{"rendered":"Poss\u00edvel volta da CPMF aumenta peso dos tributos sobre mais pobres, diz economista"},"content":{"rendered":"<p>O governo de Jair Bolsonaro deve apresentar a parlamentares detalhes da sua proposta de reforma tribut\u00e1ria nesta segunda-feira (28). O texto final deve incluir uma esp\u00e9cie de CPMF repaginada,\u00a0<a href=\"https:\/\/www.redebrasilatual.com.br\/economia\/2020\/08\/cpmf-ftgs-guedes\/\" target=\"_blank\" rel=\"noopener noreferrer\">sob forma de um imposto sobre transa\u00e7\u00f5es digitais<\/a>.<\/p>\n<p>O economista e professor da Universidade Federal do Rio de Janeiro (UFRJ), Jo\u00e3o Sics\u00fa, afirma que a implementa\u00e7\u00e3o deste novo tributo \u00e9 injusta, porque aplica a mesma al\u00edquota para todas as pessoas. \u201cTodo imposto em que as pessoas pagam a mesma al\u00edquota, independentemente da renda, \u00e9 injusto\u201d, explicou, em entrevista a Glauco Faria, no\u00a0<strong>Jornal Brasil Atual<\/strong>. \u201cEsse imposto traz mais regressividade para dentro do sistema, quando precisamos de outro modelo de reforma tribut\u00e1ria.\u201d<\/p>\n<h2><span style=\"text-decoration: underline;\">CPMF: um remendo<\/span><\/h2>\n<p>Para convencer segmentos empresariais e o Congresso Nacional, o ministro da Economia, Paulo Guedes, deve apresentar uma proposta de desonera\u00e7\u00e3o da folha de pagamentos de todos os setores, o que s\u00f3 traria benef\u00edcios para os patr\u00f5es. O professor da UFRJ afirma que a equipe econ\u00f4mica n\u00e3o prop\u00f5e modifica\u00e7\u00f5es efetivas, mas sim \u201cum remendo\u201d.<\/p>\n<p>\u201cO governo\u00a0<a href=\"http:\/\/www.contracs.org.br\/destaques\/1795\/nova-cpmf-faz-parte-de-plano-do-governo-de-retirada-de-mais-direitos-sociais\" target=\"_blank\" rel=\"noopener noreferrer\">prop\u00f5e introduzir<\/a>\u00a0uma CPMF ou simplificar a arrecada\u00e7\u00e3o tribut\u00e1ria. Isso n\u00e3o \u00e9 uma reforma, \u00e9 apenas um remendo para atender pequenos interesses. Precisamos de uma reforma mais profunda e que trate da regressividade\u201d, criticou Jo\u00e3o Sics\u00fa.<\/p>\n<p>Ele lembra que o Brasil precisa tributar mais quem paga menos impostos: os mais ricos do pa\u00eds, e cita alguns exemplos de baixa efici\u00eancia e desigualdade na arrecada\u00e7\u00e3o tribut\u00e1ria. \u201cH\u00e1 o imposto territorial rural, e mesmo com muitos latif\u00fandios no pa\u00eds, o total arrecadado \u00e9 0,04% (<a href=\"https:\/\/www.redebrasilatual.com.br\/economia\/2013\/04\/latifundios-pagaram-menos-0-07-do-total-de-impostos-do-pais-em-2012\/\" target=\"_blank\" rel=\"noopener noreferrer\">do total de tributos arrecadados no pa\u00eds<\/a>). Ou seja, milion\u00e1rios e bilion\u00e1rios n\u00e3o pagam quase nada de imposto quando possuem terras, barcos e avi\u00f5es. Agora, se voc\u00ea tem uma moto para fazer entrega durante o dia, precisa pagar impostos. \u00c9 uma injusti\u00e7a tribut\u00e1ria\u201d, lamentou.<\/p>\n<p>Sisc\u00fa lembra ainda do\u00a0<a href=\"https:\/\/www.redebrasilatual.com.br\/economia\/2020\/08\/teto-de-gastos-e-a-cloroquina-da-economia-afirma-professor\/\" target=\"_blank\" rel=\"noopener noreferrer\">Teto de Gastos<\/a>, cuja manuten\u00e7\u00e3o, segundo ele, \u00e9 \u201cinsana e irracional\u201d, ainda mais em um momento em que o pa\u00eds precisa planejar sua recupera\u00e7\u00e3o econ\u00f4mica.<\/p>\n<p>\u201cEm 2016, foi dito que o Brasil n\u00e3o poderia mais gastar em sa\u00fade e educa\u00e7\u00e3o como se gastava. Isso \u00e9 insano porque s\u00e3o dois sistemas que precisam de investimentos. Como ficaremos 20 anos sem aumentar os gastos enquanto a popula\u00e7\u00e3o continua crescendo? \u00c9 insuficiente. O governo d\u00e1 um atestado de que ir\u00e1 piorar o sistema p\u00fablico nesse per\u00edodo\u201d, finalizou. \u00a0<\/p>\n<p><strong>Fonte: Rede Brasil Atual<\/strong><\/p>\n","protected":false},"excerpt":{"rendered":"<p>O governo de Jair Bolsonaro deve apresentar a parlamentares detalhes da sua proposta de reforma tribut\u00e1ria nesta segunda-feira (28). O texto final deve incluir uma esp\u00e9cie de CPMF repaginada,\u00a0sob forma de um imposto sobre transa\u00e7\u00f5es digitais. O economista e professor da Universidade Federal do Rio de Janeiro (UFRJ), Jo\u00e3o Sics\u00fa, afirma que a implementa\u00e7\u00e3o deste [&hellip;]<\/p>\n","protected":false},"author":2,"featured_media":9700,"comment_status":"","ping_status":"","sticky":false,"template":"","format":"standard","meta":{"footnotes":""},"categories":[3],"tags":[],"class_list":["post-9701","post","type-post","status-publish","format-standard","has-post-thumbnail","hentry","category-noticias"],"_links":{"self":[{"href":"https:\/\/hostnetart.com.br\/baixada\/wp-json\/wp\/v2\/posts\/9701","targetHints":{"allow":["GET"]}}],"collection":[{"href":"https:\/\/hostnetart.com.br\/baixada\/wp-json\/wp\/v2\/posts"}],"about":[{"href":"https:\/\/hostnetart.com.br\/baixada\/wp-json\/wp\/v2\/types\/post"}],"author":[{"embeddable":true,"href":"https:\/\/hostnetart.com.br\/baixada\/wp-json\/wp\/v2\/users\/2"}],"replies":[{"embeddable":true,"href":"https:\/\/hostnetart.com.br\/baixada\/wp-json\/wp\/v2\/comments?post=9701"}],"version-history":[{"count":0,"href":"https:\/\/hostnetart.com.br\/baixada\/wp-json\/wp\/v2\/posts\/9701\/revisions"}],"wp:featuredmedia":[{"embeddable":true,"href":"https:\/\/hostnetart.com.br\/baixada\/wp-json\/wp\/v2\/media\/9700"}],"wp:attachment":[{"href":"https:\/\/hostnetart.com.br\/baixada\/wp-json\/wp\/v2\/media?parent=9701"}],"wp:term":[{"taxonomy":"category","embeddable":true,"href":"https:\/\/hostnetart.com.br\/baixada\/wp-json\/wp\/v2\/categories?post=9701"},{"taxonomy":"post_tag","embeddable":true,"href":"https:\/\/hostnetart.com.br\/baixada\/wp-json\/wp\/v2\/tags?post=9701"}],"curies":[{"name":"wp","href":"https:\/\/api.w.org\/{rel}","templated":true}]}}