{"id":9699,"date":"2020-09-28T20:40:16","date_gmt":"2020-09-28T23:40:16","guid":{"rendered":"https:\/\/hostnetart.com.br\/baixada\/financiarios-rejeitam-proposta-da-fenacrefi\/"},"modified":"2020-09-28T20:40:16","modified_gmt":"2020-09-28T23:40:16","slug":"financiarios-rejeitam-proposta-da-fenacrefi","status":"publish","type":"post","link":"https:\/\/hostnetart.com.br\/baixada\/financiarios-rejeitam-proposta-da-fenacrefi\/","title":{"rendered":"Financi\u00e1rios rejeitam proposta da Fenacrefi"},"content":{"rendered":"<p>A Comiss\u00e3o de Organiza\u00e7\u00e3o dos Financi\u00e1rios rejeitou a proposta apresentada pela Federa\u00e7\u00e3o Interestadual das Institui\u00e7\u00f5es de Cr\u00e9dito, Financiamento e Investimento (Fenacrefi) para a renova\u00e7\u00e3o da Conven\u00e7\u00e3o Coletiva de Trabalho (CCT). A proposta foi enviada nesta sexta-feira (25)\u00a0<a href=\"https:\/\/contrafcut.com.br\/noticias\/financiarios-cobram-reabertura-da-campanha-nacional-2020\/\" target=\"_blank\" rel=\"noopener noreferrer\">depois de mais uma cobran\u00e7a da categoria para a reabertura das negocia\u00e7\u00f5es<\/a>.<\/p>\n<p>Para o primeiro ano de vig\u00eancia da CCT, a Fenacrefi ofereceu 1,13% de reajuste nos sal\u00e1rios e nos sal\u00e1rios de ingresso com abono de R$ 1.000,0 e benef\u00edcios com reajuste pelo INPC (2,0501%). J\u00e1 para o segundo ano de vig\u00eancia da CCT, a oferta \u00e9 de aumento dos sal\u00e1rios, inclusive os de ingresso e benef\u00edcios com reajuste de 80% do INPC do per\u00edodo junho\/2020 a maio\/2021. \u201cN\u00f3s sabemos que as financeiras t\u00eam condi\u00e7\u00f5es de melhorar muito diversos pontos apresentados\u201d, afirmou Jair Alves, coordenador da Comiss\u00e3o de Organiza\u00e7\u00e3o dos Financi\u00e1rios. \u201cVamos insistir na marca\u00e7\u00e3o de uma reuni\u00e3o para discutir em mesa as reivindica\u00e7\u00f5es que queremos ter atendidas\u201d, completou.<\/p>\n<p>Quanto \u00e0 Participa\u00e7\u00e3o nos Lucros e Resultados (PLR) a proposta foi de fixar como limite o percentual de 5% do lucro l\u00edquido para distribui\u00e7\u00e3o aos Financi\u00e1rios.<\/p>\n<p>O coletivo rejeitou a proposta de aplicar limita\u00e7\u00e3o para distribui\u00e7\u00e3o de PLR. \u201cReivindicamos a manuten\u00e7\u00e3o, na \u00edntegra, das regras j\u00e1 estabelecidas na PLR-CCT vencida, apenas para aplicar sobre os valores fixos o valor integral do INPC para ambos os per\u00edodos 2020 e 2021.\u201d, explicou o coordenador<\/p>\n<p>As financeiras propuseram ainda adotar Sistema Alternativo Eletr\u00f4nico de Controle de Jornada de Trabalho, nos termos do art. 74, \u00a7 2\u00ba da CLT e art. 2\u00ba da Portaria n\u00ba 373, de 25.02.2011 do Minist\u00e9rio do Trabalho e Emprego para controle da jornada de trabalho de seus empregados, dispensando-se a instala\u00e7\u00e3o do Registrador Eletr\u00f4nico de Ponto \u2013 REP. Os trabalhadores rejeitaram prontamente por falta de um debate pr\u00e9vio entre as partes. \u201cOs sindicatos j\u00e1 possuem acordos coletivos com esse tema e n\u00e3o se op\u00f5em a tratar com cada financeira, que se interessar em adotar o modelo alternativo de controle de jornada para os empregados\u201d, esclareceu Jair Alves.<\/p>\n<p>Outro pronto da proposta que desagradou a representa\u00e7\u00e3o dos trabalhadores foi a recusa da inclus\u00e3o na CCT de um aditivo de combate \u00e0 viol\u00eancia contra a mulher, com a justificativa de que a legisla\u00e7\u00e3o j\u00e1 \u00e9 suficiente. \u201cO coletivo n\u00e3o aceita essa negativa, ainda mais com esta justificativa. Vamos reivindicar que o tema seja tratado em aditivo, para ades\u00e3o das financeiras\u201d, garantiu Katlin Sales, membra do coletivo.<\/p>\n<p>A comiss\u00e3o ir\u00e1 enviar a resposta negativa para a Fenacrefi e sugerir a marca\u00e7\u00e3o de uma reuni\u00e3o, por videoconfer\u00eancia, para continuar as negocia\u00e7\u00f5es.<\/p>\n<p><strong>Fonte: Contraf-CUT<\/strong><\/p>\n","protected":false},"excerpt":{"rendered":"<p>A Comiss\u00e3o de Organiza\u00e7\u00e3o dos Financi\u00e1rios rejeitou a proposta apresentada pela Federa\u00e7\u00e3o Interestadual das Institui\u00e7\u00f5es de Cr\u00e9dito, Financiamento e Investimento (Fenacrefi) para a renova\u00e7\u00e3o da Conven\u00e7\u00e3o Coletiva de Trabalho (CCT). A proposta foi enviada nesta sexta-feira (25)\u00a0depois de mais uma cobran\u00e7a da categoria para a reabertura das negocia\u00e7\u00f5es. Para o primeiro ano de vig\u00eancia da [&hellip;]<\/p>\n","protected":false},"author":2,"featured_media":9698,"comment_status":"","ping_status":"","sticky":false,"template":"","format":"standard","meta":{"footnotes":""},"categories":[3],"tags":[],"class_list":["post-9699","post","type-post","status-publish","format-standard","has-post-thumbnail","hentry","category-noticias"],"_links":{"self":[{"href":"https:\/\/hostnetart.com.br\/baixada\/wp-json\/wp\/v2\/posts\/9699","targetHints":{"allow":["GET"]}}],"collection":[{"href":"https:\/\/hostnetart.com.br\/baixada\/wp-json\/wp\/v2\/posts"}],"about":[{"href":"https:\/\/hostnetart.com.br\/baixada\/wp-json\/wp\/v2\/types\/post"}],"author":[{"embeddable":true,"href":"https:\/\/hostnetart.com.br\/baixada\/wp-json\/wp\/v2\/users\/2"}],"replies":[{"embeddable":true,"href":"https:\/\/hostnetart.com.br\/baixada\/wp-json\/wp\/v2\/comments?post=9699"}],"version-history":[{"count":0,"href":"https:\/\/hostnetart.com.br\/baixada\/wp-json\/wp\/v2\/posts\/9699\/revisions"}],"wp:featuredmedia":[{"embeddable":true,"href":"https:\/\/hostnetart.com.br\/baixada\/wp-json\/wp\/v2\/media\/9698"}],"wp:attachment":[{"href":"https:\/\/hostnetart.com.br\/baixada\/wp-json\/wp\/v2\/media?parent=9699"}],"wp:term":[{"taxonomy":"category","embeddable":true,"href":"https:\/\/hostnetart.com.br\/baixada\/wp-json\/wp\/v2\/categories?post=9699"},{"taxonomy":"post_tag","embeddable":true,"href":"https:\/\/hostnetart.com.br\/baixada\/wp-json\/wp\/v2\/tags?post=9699"}],"curies":[{"name":"wp","href":"https:\/\/api.w.org\/{rel}","templated":true}]}}