{"id":9695,"date":"2020-09-25T21:24:48","date_gmt":"2020-09-26T00:24:48","guid":{"rendered":"https:\/\/hostnetart.com.br\/baixada\/covid-19-reforca-importancia-dos-bancos-publicos\/"},"modified":"2020-09-25T21:24:48","modified_gmt":"2020-09-26T00:24:48","slug":"covid-19-reforca-importancia-dos-bancos-publicos","status":"publish","type":"post","link":"https:\/\/hostnetart.com.br\/baixada\/covid-19-reforca-importancia-dos-bancos-publicos\/","title":{"rendered":"Covid-19 refor\u00e7a import\u00e2ncia dos bancos p\u00fablicos"},"content":{"rendered":"<p>O ministro da Economia do Governo Bolsonaro, Paulo Guedes, j\u00e1 demonstrou, diversas vezes, seu interesse em\u00a0<a href=\"https:\/\/congressoemfoco.uol.com.br\/economia\/guedes-propoe-privatizar-tudo-e-desvincular-todas-as-despesas\/\" target=\"_blank\" rel=\"noopener noreferrer\">privatizar \u201ctudo o que for poss\u00edvel\u201d<\/a>. A venda do Banco do Brasil foi, inclusive,\u00a0<a href=\"https:\/\/g1.globo.com\/politica\/noticia\/2020\/05\/22\/tem-que-vender-essa-porra-logo-diz-paulo-guedes-sobre-o-banco-do-brasil-em-reuniao-ministerial.ghtml\" target=\"_blank\" rel=\"noopener noreferrer\">tema da famosa reuni\u00e3o interministerial<\/a>, que teve suas imagens divulgadas por ordem judicial. Mas, a pandemia causada pelo novo coronav\u00edrus colocou os bancos p\u00fablicos em evid\u00eancia e mostrou o papel estrat\u00e9gico que eles t\u00eam para ajudar a regular a economia e fomentar o desenvolvimento do pa\u00eds.<\/p>\n<p>Segundo\u00a0<a href=\"https:\/\/economia.estadao.com.br\/noticias\/geral,pandemia-traz-a-tona-o-papel-do-bb,70003436080\" target=\"_blank\" rel=\"noopener noreferrer\">dados divulgados pelo jornal O Estado de S. Paulo<\/a>, o Banco do Brasil, por exemplo, \u00e9 respons\u00e1vel por 36% do total de empr\u00e9stimos concedidos pelo programa de apoio \u00e0s micros e pequenas empresas (Pronampe), que empregam 52% dos trabalhadores com carteira assinada no pa\u00eds. A segunda maior carteira do Pronampe \u00e9 da Caixa Econ\u00f4mica Federal, com 26%. O banco privado melhor posicionado \u00e9 o Ita\u00fa, com apenas 16% desta carteira at\u00e9 31 de agosto.<\/p>\n<p>\u201cN\u00f3s, funcion\u00e1rios, ficamos abismados quando ouvimos o ministro da Economia, ou o Rubem Novaes (ex-presidente do BB), afirmar que\u00a0<a href=\"https:\/\/contrafcut.com.br\/noticias\/presidente-do-banco-do-brasil-afirma-que-estatal-deveria-ser-privatizada\" target=\"_blank\" rel=\"noopener noreferrer\">n\u00e3o h\u00e1 motivo para manter o Banco do Brasil como banco p\u00fablico<\/a>. Uma\u00a0<a href=\"https:\/\/contrafcut.com.br\/noticias\/lucro-do-banco-do-brasil-chega-a-r-67-bi-no-1o-semestre\/?swcfpc=1\" target=\"_blank\" rel=\"noopener noreferrer\">institui\u00e7\u00e3o que n\u00e3o d\u00e1 preju\u00edzo<\/a>, ao contr\u00e1rio, ajuda o pa\u00eds a pagar suas contas, e ainda d\u00e1 grande contribui\u00e7\u00e3o para a cria\u00e7\u00e3o de empregos, para produ\u00e7\u00e3o agropecu\u00e1ria e o desenvolvimento socioecon\u00f4mico de uma forma geral. O que n\u00e3o existe, \u00e9 motivo para a privatiza\u00e7\u00e3o do banco\u201d, disse indignado o coordenador da Comiss\u00e3o de Empresa dos Funcion\u00e1rios do Banco do Brasil (CEBB), Jo\u00e3o Fukunaga.<\/p>\n<p>\u201cMas, tamb\u00e9m\u00a0<a href=\"https:\/\/www.correiobraziliense.com.br\/app\/noticia\/economia\/2020\/05\/19\/internas_economia,856597\/credito-ainda-vai-demorar-a-chegar-as-micro-e-pequenas-empresas.shtml\" target=\"_blank\" rel=\"noopener noreferrer\">nos chamou a aten\u00e7\u00e3o a demora<\/a>\u00a0que, mesmo com toda essa experi\u00eancia na carteira de cr\u00e9dito para micros e pequenas empresas, o banco levou para liberar recursos para este segmento quando estourou a crise sanit\u00e1ria gerada pelo novo coronav\u00edrus\u201d, observou o coordenador da CEBB. \u201cA demora foi tamanha, que muitas pequenas e m\u00e9dias empresas acabaram falindo, jogando ainda mais pessoas no desemprego e tornando-as dependentes do aux\u00edlio emergencial de R$ 600\u201d, completou.<\/p>\n<h3>Em busca do lucro<\/h3>\n<p>Para o economista S\u00e9rgio Mendon\u00e7a, do portal de not\u00edcias de economia\u00a0<a href=\"https:\/\/recontaai.com.br\/\" target=\"_blank\" rel=\"noopener noreferrer\">RecontaA\u00ed<\/a>, em momentos de crise, a tend\u00eancia dos bancos privados \u00e9 se retrair. \u201cEm vez de ajudarem a dar uma boia a quem est\u00e1 se afogando, eles empurram para o fundo\u201d, disse. Os economistas Monica de Bolle, da universidade Johns Hopkins, e Delfim Netto, ex-ministro da Fazenda, tamb\u00e9m apontam os bancos p\u00fablicos como instrumento decisivo em \u00e9pocas de tormenta.<\/p>\n<p>A economista Vivian Machado, do\u00a0<a href=\"https:\/\/www.dieese.org.br\/\" target=\"_blank\" rel=\"noopener noreferrer\">Departamento Intersindical de Estat\u00edstica e Estudos Socioecon\u00f4micos (Dieese)<\/a>, explicou que os bancos privados se retraem em momentos de crise por medo de calote. \u201cOs bancos privados, ao contr\u00e1rio dos p\u00fablicos, t\u00eam que pagar dividendos aos seus acionistas. Buscam o lucro. Em momentos de crise eles se retraem para evitar riscos. Se as empresas quebram eles ficam com os preju\u00edzos. Sem cr\u00e9dito, \u00e9 a\u00ed que h\u00e1 a quebradeira. \u00c9 neste momento que o Estado, por meio dos bancos p\u00fablicos, mostra toda sua import\u00e2ncia. \u00c9 ele que fomenta a recupera\u00e7\u00e3o e o desenvolvimento econ\u00f4mico. Esse \u00e9 um dos principais pap\u00e9is dos bancos p\u00fablicos\u201d, explicou.<\/p>\n<h3>Aumento no pre\u00e7o dos alimentos<\/h3>\n<p>Segundo proje\u00e7\u00f5es, o agroneg\u00f3cio deve ser o \u00fanico segmento econ\u00f4mico a fechar 2020 com PIB positivo. O setor conta com grande apoio do Banco do Brasil no financiamento agropecu\u00e1rio. O banco possui aproximadamente 60% da carteira empresarial de cr\u00e9dito agr\u00edcola e 80% do montante destinado \u00e0 agricultura familiar. \u201c\u00c9 um segmento pelo qual os bancos privados n\u00e3o t\u00eam interesse, mas que \u00e9 o respons\u00e1vel por colocar os alimentos nos pratos dos brasileiros\u201d, afirmou Fukunaga. \u201cSe o BB for privatizado, ser\u00e1 um grande golpe para o setor agropecu\u00e1rio, mas, mais ainda, para o povo brasileiro, que ter\u00e1 que pagar mais caro pelos alimentos que chegam \u00e0s suas mesas\u201d, concluiu.<\/p>\n<h3>Ataque aos bancos p\u00fablicos<\/h3>\n<p>Al\u00e9m do BB, o governo Bolsonaro tem promovido ataques aos demais bancos p\u00fablicos, como os que atingem a Caixa. Por meio da\u00a0<a href=\"https:\/\/legis.senado.leg.br\/sdleg-getter\/documento?dm=8873597&amp;ts=1599225411262&amp;disposition=inline\" target=\"_blank\" rel=\"noopener noreferrer\">Medida Provis\u00f3ria 995<\/a>, o governo permite a cria\u00e7\u00e3o de subsidi\u00e1rias, o que, na pr\u00e1tica, possibilita a privatiza\u00e7\u00e3o da empresa, uma vez que o Supremo Tribunal Federal definiu que as empresas-m\u00e3e n\u00e3o podem ser privatizadas sem a autoriza\u00e7\u00e3o do Congresso Nacional, mas as\u00a0<a href=\"https:\/\/www.poder360.com.br\/justica\/stf-forma-maioria-para-liberar-venda-de-estatais-sem-aval-do-congresso\/\" target=\"_blank\" rel=\"noopener noreferrer\">subsidi\u00e1rias sim<\/a>.<\/p>\n<p>\u201cCom essa MP, o governo fatia a Caixa, fica autorizado a vender todas as subsidi\u00e1rias, o que, consequentemente, enfraquecer\u00e1 o banco, colocando em risco, inclusive, o seu papel social. \u00c9 uma verdadeira dilapida\u00e7\u00e3o do patrim\u00f4nio p\u00fablico e um preju\u00edzo para a sociedade. Enquanto houver desigualdade, bancos como a Caixa s\u00e3o essenciais\u201d, explicou a coordenadora da Comiss\u00e3o Executiva dos Empregados (CEE) da Caixa, Fabiana Proscholdt, que tamb\u00e9m \u00e9 secret\u00e1ria de Cultura da Confedera\u00e7\u00e3o Nacional dos Trabalhadores do Ramo Financeiro (Contraf-CUT).<\/p>\n<p>Com a privatiza\u00e7\u00e3o da Caixa, o financiamento habitacional, o incentivo ao esporte, \u00e0 educa\u00e7\u00e3o e \u00e0 cultura, entre outros, correriam grande risco. \u201c\u00c9 a Caixa, tamb\u00e9m, que, juntamente com o BB, o Banco do Nordeste (do Brasil), o Basa (Banco da Amaz\u00f4nia) e dos demais bancos p\u00fablicos, que incentivam o desenvolvimento do pa\u00eds de uma forma igualit\u00e1ria. Sem os bancos p\u00fablicos n\u00e3o h\u00e1 pol\u00edtica de infraestrutura, de saneamento, de sa\u00fade e de educa\u00e7\u00e3o. Sem os bancos p\u00fablicos n\u00e3o h\u00e1 pol\u00edtica antic\u00edclica para a retomada do desenvolvimento em per\u00edodos de crise econ\u00f4mica\u201d, concluiu a dirigente da Contraf-CUT.<\/p>\n<p><strong>Fonte: Contraf-CUT<\/strong><\/p>\n","protected":false},"excerpt":{"rendered":"<p>O ministro da Economia do Governo Bolsonaro, Paulo Guedes, j\u00e1 demonstrou, diversas vezes, seu interesse em\u00a0privatizar \u201ctudo o que for poss\u00edvel\u201d. A venda do Banco do Brasil foi, inclusive,\u00a0tema da famosa reuni\u00e3o interministerial, que teve suas imagens divulgadas por ordem judicial. Mas, a pandemia causada pelo novo coronav\u00edrus colocou os bancos p\u00fablicos em evid\u00eancia e [&hellip;]<\/p>\n","protected":false},"author":2,"featured_media":9694,"comment_status":"","ping_status":"","sticky":false,"template":"","format":"standard","meta":{"footnotes":""},"categories":[3],"tags":[],"class_list":["post-9695","post","type-post","status-publish","format-standard","has-post-thumbnail","hentry","category-noticias"],"_links":{"self":[{"href":"https:\/\/hostnetart.com.br\/baixada\/wp-json\/wp\/v2\/posts\/9695","targetHints":{"allow":["GET"]}}],"collection":[{"href":"https:\/\/hostnetart.com.br\/baixada\/wp-json\/wp\/v2\/posts"}],"about":[{"href":"https:\/\/hostnetart.com.br\/baixada\/wp-json\/wp\/v2\/types\/post"}],"author":[{"embeddable":true,"href":"https:\/\/hostnetart.com.br\/baixada\/wp-json\/wp\/v2\/users\/2"}],"replies":[{"embeddable":true,"href":"https:\/\/hostnetart.com.br\/baixada\/wp-json\/wp\/v2\/comments?post=9695"}],"version-history":[{"count":0,"href":"https:\/\/hostnetart.com.br\/baixada\/wp-json\/wp\/v2\/posts\/9695\/revisions"}],"wp:featuredmedia":[{"embeddable":true,"href":"https:\/\/hostnetart.com.br\/baixada\/wp-json\/wp\/v2\/media\/9694"}],"wp:attachment":[{"href":"https:\/\/hostnetart.com.br\/baixada\/wp-json\/wp\/v2\/media?parent=9695"}],"wp:term":[{"taxonomy":"category","embeddable":true,"href":"https:\/\/hostnetart.com.br\/baixada\/wp-json\/wp\/v2\/categories?post=9695"},{"taxonomy":"post_tag","embeddable":true,"href":"https:\/\/hostnetart.com.br\/baixada\/wp-json\/wp\/v2\/tags?post=9695"}],"curies":[{"name":"wp","href":"https:\/\/api.w.org\/{rel}","templated":true}]}}