{"id":9693,"date":"2020-09-25T21:23:30","date_gmt":"2020-09-26T00:23:30","guid":{"rendered":"https:\/\/hostnetart.com.br\/baixada\/comeca-a-campanha-contra-as-demissoes-no-mercantil\/"},"modified":"2020-09-25T21:23:30","modified_gmt":"2020-09-26T00:23:30","slug":"comeca-a-campanha-contra-as-demissoes-no-mercantil","status":"publish","type":"post","link":"https:\/\/hostnetart.com.br\/baixada\/comeca-a-campanha-contra-as-demissoes-no-mercantil\/","title":{"rendered":"Come\u00e7a a campanha contra as demiss\u00f5es no Mercantil"},"content":{"rendered":"<p>Trabalhadores do Banco Mercantil do Brasil e entidades banc\u00e1rias de todo o pa\u00eds come\u00e7am nesta sexta-feira (25) uma campanha contra as demiss\u00f5es de funcion\u00e1rixs da empresa. O banco anunciou o fechamento das plataformas de servi\u00e7os em Salvador, Bras\u00edlia e Recife. A medida provocou, somente este m\u00eas, 18 demiss\u00f5es.<\/p>\n<p>O Mercantil descumpre compromisso assumido em negocia\u00e7\u00e3o de n\u00e3o demitir durante a pandemia. Enquanto desampara dezenas de fam\u00edlias em meio \u00e0 crise econ\u00f4mica, o banco acumula lucro de mais de R$ 74 milh\u00f5es, apenas nos primeiros seis meses de 2020. A campanha ser\u00e1 entre xs banc\u00e1rixs do Mercantil, nas redes sociais e tamb\u00e9m ter\u00e1 manifesta\u00e7\u00f5es para denunciar as demiss\u00f5es. Na segunda-feira (28), \u00e0s 13h, haver\u00e1 um tuita\u00e7o denunciando o banco com a hashtag #MercantilSemCompromisso.<\/p>\n<p><strong>Negocia\u00e7\u00f5es<\/strong><\/p>\n<p>Entidades sindicais da categoria banc\u00e1ria se reuniram na ter\u00e7a-feira (22) com a dire\u00e7\u00e3o do Mercantil do Brasil para cobrar o fim das demiss\u00f5es na empresa. O encontro reuniu representantes do banco, sindicatos, a Federa\u00e7\u00e3o dos trabalhadores do Ramo Financeiro de Minas Gerais (Fetrafi-MG) e a Confedera\u00e7\u00e3o Nacional dos Trabalhadores do Ramo Financeiro (Contraf-CUT).<\/p>\n<p>As entidades sindicais reivindicaram que as demiss\u00f5es fossem substitu\u00eddas pela ades\u00e3o volunt\u00e1ria \u00e0 cl\u00e1usula 62 da Conven\u00e7\u00e3o Coletiva do Trabalho (CCT) dos banc\u00e1rios. Essa cl\u00e1usula trata da requalifica\u00e7\u00e3o e a realoca\u00e7\u00e3o de empregados, com o objetivo de aprimoramento t\u00e9cnico. O banco negou o pedido para o cancelamento das demiss\u00f5es. Argumentou que o fechamento das plataformas foi ocasionado pelo baixo retorno financeiro e que o foco principal do Banco se concentra nas pra\u00e7as em que saiu vitorioso nos leil\u00f5es de pagamento de aposentados e pensionistas do INSS.<\/p>\n<p>As entidades sindicais reivindicaram a extens\u00e3o at\u00e9 31 de dezembro deste ano do acordo ao conquistado junto ao Minist\u00e9rio P\u00fablico do Trabalho\/MG. O acordo concede aos banc\u00e1rios demitidos uma s\u00e9rie de benef\u00edcios. Entre eles est\u00e1 o pagamento de indeniza\u00e7\u00e3o aos demitidos a partir de R$ 2.500,00, al\u00e9m de R$ 1.000,00 do vale alimenta\u00e7\u00e3o. Outro benef\u00edcio \u00e9 a amplia\u00e7\u00e3o da assist\u00eancia m\u00e9dica hospitalar e do plano odontol\u00f3gico por mais seis meses, sem preju\u00edzo aos prazos garantidos e determinados pela CCT, al\u00e9m da prorroga\u00e7\u00e3o pelo mesmo per\u00edodo do seguro de vida.<\/p>\n<p><strong>Fonte: Contraf-CUT<\/strong><\/p>\n","protected":false},"excerpt":{"rendered":"<p>Trabalhadores do Banco Mercantil do Brasil e entidades banc\u00e1rias de todo o pa\u00eds come\u00e7am nesta sexta-feira (25) uma campanha contra as demiss\u00f5es de funcion\u00e1rixs da empresa. O banco anunciou o fechamento das plataformas de servi\u00e7os em Salvador, Bras\u00edlia e Recife. A medida provocou, somente este m\u00eas, 18 demiss\u00f5es. O Mercantil descumpre compromisso assumido em negocia\u00e7\u00e3o [&hellip;]<\/p>\n","protected":false},"author":2,"featured_media":9692,"comment_status":"","ping_status":"","sticky":false,"template":"","format":"standard","meta":{"footnotes":""},"categories":[3],"tags":[],"class_list":["post-9693","post","type-post","status-publish","format-standard","has-post-thumbnail","hentry","category-noticias"],"_links":{"self":[{"href":"https:\/\/hostnetart.com.br\/baixada\/wp-json\/wp\/v2\/posts\/9693","targetHints":{"allow":["GET"]}}],"collection":[{"href":"https:\/\/hostnetart.com.br\/baixada\/wp-json\/wp\/v2\/posts"}],"about":[{"href":"https:\/\/hostnetart.com.br\/baixada\/wp-json\/wp\/v2\/types\/post"}],"author":[{"embeddable":true,"href":"https:\/\/hostnetart.com.br\/baixada\/wp-json\/wp\/v2\/users\/2"}],"replies":[{"embeddable":true,"href":"https:\/\/hostnetart.com.br\/baixada\/wp-json\/wp\/v2\/comments?post=9693"}],"version-history":[{"count":0,"href":"https:\/\/hostnetart.com.br\/baixada\/wp-json\/wp\/v2\/posts\/9693\/revisions"}],"wp:featuredmedia":[{"embeddable":true,"href":"https:\/\/hostnetart.com.br\/baixada\/wp-json\/wp\/v2\/media\/9692"}],"wp:attachment":[{"href":"https:\/\/hostnetart.com.br\/baixada\/wp-json\/wp\/v2\/media?parent=9693"}],"wp:term":[{"taxonomy":"category","embeddable":true,"href":"https:\/\/hostnetart.com.br\/baixada\/wp-json\/wp\/v2\/categories?post=9693"},{"taxonomy":"post_tag","embeddable":true,"href":"https:\/\/hostnetart.com.br\/baixada\/wp-json\/wp\/v2\/tags?post=9693"}],"curies":[{"name":"wp","href":"https:\/\/api.w.org\/{rel}","templated":true}]}}