{"id":9691,"date":"2020-09-25T21:22:55","date_gmt":"2020-09-26T00:22:55","guid":{"rendered":"https:\/\/hostnetart.com.br\/baixada\/financiarios-cobram-reabertura-da-campanha-nacional-2020\/"},"modified":"2020-09-25T21:22:55","modified_gmt":"2020-09-26T00:22:55","slug":"financiarios-cobram-reabertura-da-campanha-nacional-2020","status":"publish","type":"post","link":"https:\/\/hostnetart.com.br\/baixada\/financiarios-cobram-reabertura-da-campanha-nacional-2020\/","title":{"rendered":"Financi\u00e1rios cobram reabertura da Campanha Nacional 2020"},"content":{"rendered":"<p>A Comiss\u00e3o de Organiza\u00e7\u00e3o dos Financi\u00e1rios e a Confedera\u00e7\u00e3o Nacional dos Trabalhadores do Ramo Financeiro (Contraf-CUT) voltam a cobrar a Federa\u00e7\u00e3o Interestadual das Institui\u00e7\u00f5es de Cr\u00e9dito, Financiamento e Investimento (Fenacrefi) o rein\u00edcio das negocia\u00e7\u00f5es da Campanha Nacional 2020.<\/p>\n<p>No dia 10 de junho, foi enviado a pauta de reivindica\u00e7\u00f5es da categoria, com data-base em 1\u00ba de junho. Entretanto, houve apenas uma reuni\u00e3o, em 3 de julho, quando a Fenacrefi acenou com a renova\u00e7\u00e3o da Conven\u00e7\u00e3o Coletiva de Trabalho (CCT) por dois anos e marcou uma nova reuni\u00e3o para o dia 10, que foi cancelada junto com o pedido de suspens\u00e3o tempor\u00e1ria das negocia\u00e7\u00f5es.<\/p>\n<p>No dia 2 de setembro,\u00a0<a href=\"https:\/\/contrafcut.com.br\/noticias\/contraf-cut-cobra-reabertura-da-campanha-nacional-dos-financiarios\/?swcfpc=1\" target=\"_blank\" rel=\"noopener noreferrer\">as entidades enviaram um of\u00edcio \u00e0 Fenacrefi com pedido de reabertura<\/a>. J\u00e1 na semana passada,\u00a0<a href=\"https:\/\/contrafcut.com.br\/noticias\/financiarios-debatem-sobre-campanha-nacional\/?swcfpc=1\" target=\"_blank\" rel=\"noopener noreferrer\">o coletivo se reuniu para elaborar uma carta de princ\u00edpios para encaminhar \u00e0 federa\u00e7\u00e3o das financeiras, com a cobran\u00e7a de retomada das negocia\u00e7\u00f5es<\/a>. \u201cOs trabalhadores em financeiras est\u00e3o muito apreensivos, sem saber o que pensar. Eles escutam muito boatos e ficam inseguros, o que afeta gravemente a produtividade e a sa\u00fade deles. Queremos resolver isso o quanto antes e da melhor maneira poss\u00edvel\u201d, afirmou Jair Alves, coordenador da Comiss\u00e3o de Organiza\u00e7\u00e3o dos Financi\u00e1rios. \u201cExigimos a retomada das negocia\u00e7\u00f5es, com a avalia\u00e7\u00e3o sobre os pontos de pauta apresentada pelos trabalhadores. Aguardamos proposta decente e que n\u00e3o reduza nenhum direito dos trabalhadores\u201d, completou.<\/p>\n<p><strong>Fonte: Contraf-CUT<\/strong><\/p>\n","protected":false},"excerpt":{"rendered":"<p>A Comiss\u00e3o de Organiza\u00e7\u00e3o dos Financi\u00e1rios e a Confedera\u00e7\u00e3o Nacional dos Trabalhadores do Ramo Financeiro (Contraf-CUT) voltam a cobrar a Federa\u00e7\u00e3o Interestadual das Institui\u00e7\u00f5es de Cr\u00e9dito, Financiamento e Investimento (Fenacrefi) o rein\u00edcio das negocia\u00e7\u00f5es da Campanha Nacional 2020. No dia 10 de junho, foi enviado a pauta de reivindica\u00e7\u00f5es da categoria, com data-base em 1\u00ba [&hellip;]<\/p>\n","protected":false},"author":2,"featured_media":9690,"comment_status":"","ping_status":"","sticky":false,"template":"","format":"standard","meta":{"footnotes":""},"categories":[3],"tags":[],"class_list":["post-9691","post","type-post","status-publish","format-standard","has-post-thumbnail","hentry","category-noticias"],"_links":{"self":[{"href":"https:\/\/hostnetart.com.br\/baixada\/wp-json\/wp\/v2\/posts\/9691","targetHints":{"allow":["GET"]}}],"collection":[{"href":"https:\/\/hostnetart.com.br\/baixada\/wp-json\/wp\/v2\/posts"}],"about":[{"href":"https:\/\/hostnetart.com.br\/baixada\/wp-json\/wp\/v2\/types\/post"}],"author":[{"embeddable":true,"href":"https:\/\/hostnetart.com.br\/baixada\/wp-json\/wp\/v2\/users\/2"}],"replies":[{"embeddable":true,"href":"https:\/\/hostnetart.com.br\/baixada\/wp-json\/wp\/v2\/comments?post=9691"}],"version-history":[{"count":0,"href":"https:\/\/hostnetart.com.br\/baixada\/wp-json\/wp\/v2\/posts\/9691\/revisions"}],"wp:featuredmedia":[{"embeddable":true,"href":"https:\/\/hostnetart.com.br\/baixada\/wp-json\/wp\/v2\/media\/9690"}],"wp:attachment":[{"href":"https:\/\/hostnetart.com.br\/baixada\/wp-json\/wp\/v2\/media?parent=9691"}],"wp:term":[{"taxonomy":"category","embeddable":true,"href":"https:\/\/hostnetart.com.br\/baixada\/wp-json\/wp\/v2\/categories?post=9691"},{"taxonomy":"post_tag","embeddable":true,"href":"https:\/\/hostnetart.com.br\/baixada\/wp-json\/wp\/v2\/tags?post=9691"}],"curies":[{"name":"wp","href":"https:\/\/api.w.org\/{rel}","templated":true}]}}