{"id":9689,"date":"2020-09-24T18:08:50","date_gmt":"2020-09-24T21:08:50","guid":{"rendered":"https:\/\/hostnetart.com.br\/baixada\/gerentes-gerais-terao-10-dias-de-compensacao-pelos-sabados-trabalhados-para-o-pagamento-do-auxilio-emergencial\/"},"modified":"2020-09-24T18:08:50","modified_gmt":"2020-09-24T21:08:50","slug":"gerentes-gerais-terao-10-dias-de-compensacao-pelos-sabados-trabalhados-para-o-pagamento-do-auxilio-emergencial","status":"publish","type":"post","link":"https:\/\/hostnetart.com.br\/baixada\/gerentes-gerais-terao-10-dias-de-compensacao-pelos-sabados-trabalhados-para-o-pagamento-do-auxilio-emergencial\/","title":{"rendered":"Gerentes gerais ter\u00e3o 10 dias de compensa\u00e7\u00e3o pelos s\u00e1bados trabalhados para o pagamento do aux\u00edlio emergencial"},"content":{"rendered":"<p>Os gerentes gerais de rede que trabalharam aos s\u00e1bados nas ag\u00eancias que abriram para o pagamento do aux\u00edlio emergencial ter\u00e3o 10 dias de compensa\u00e7\u00e3o. O an\u00fancio foi feito pelo presidente da Caixa, Pedro Guimar\u00e3es, por meio de um v\u00eddeo publicado nesta quarta-feira (23). No entanto, essa decis\u00e3o \u00e9 resultado da reivindica\u00e7\u00e3o da Comiss\u00e3o Executiva dos Empregados (CEE\/Caixa) em mesa de negocia\u00e7\u00e3o durante a Campanha Nacional.<\/p>\n<p>Depois de meses de cobran\u00e7a, a Caixa finalmente se manifesta com alguma compensa\u00e7\u00e3o para os empregados que n\u00e3o batem ponto e estavam trabalhando aos s\u00e1bados, segundo a coordenadora da Comiss\u00e3o e secret\u00e1ria de Cultura da Confedera\u00e7\u00e3o Nacional dos Trabalhadores do Ramo Financeiro (Contraf\/CUT), Fabiana Uehara Proscholdt.<\/p>\n<p>Para ela, o an\u00fancio foi muito importante, mas ainda faltam os outros trabalhadores que tamb\u00e9m trabalham aos s\u00e1bados e n\u00e3o registram o ponto como os superintendentes executivos de varejo, gerentes nacionais, gerentes de centralizadoras e outros. \u201cDa forma que estava sendo feito com os gerentes, \u00e9 um absurdo porque esses empregados trabalharam e n\u00e3o tem a contrapartida, o que chamamos de hora besta. E isso n\u00e3o \u00e9 correto e nem direito independente da fun\u00e7\u00e3o de qualquer colega. Mas mais do que isso, o que reivindicamos \u00e9 o fim do trabalho aos s\u00e1bados uma vez que a jornada para todos que est\u00e3o na rede \u00e9 extensa e extremamente estafante\u201d, ressaltou.<\/p>\n<p>H\u00e1 tempos as entidades veem recebendo queixas dos trabalhadores sobre as jornadas de trabalho extensas impostas pela Caixa. Segundo secret\u00e1rio de Finan\u00e7as da Contraf-CUT e presidente da Federa\u00e7\u00e3o Nacional das Associa\u00e7\u00f5es do Pessoal da Caixa Econ\u00f4mica Federal (Fenae), Sergio Takemoto, a compensa\u00e7\u00e3o \u00e9 importante para os gerentes gerais, mas aqueles que tamb\u00e9m estavam com jornadas extrapoladas t\u00eam direito. \u201cCada vez mais vemos que os empregados est\u00e3o cansados com a jornada extenuante. Os gerentes gerais s\u00e3o os mais atingidos sem pagamentos de horas extras ou descanso. Mas, a Caixa precisa pagar a todos que fizeram o trabalho\u201d, afirmou.<\/p>\n<p>De acordo com Pedro Guimar\u00e3es, os gerentes gerais ter\u00e3o at\u00e9 o dia 30 de junho de 2021 para utilizar os dias de compensa\u00e7\u00e3o. Ainda segundo o presidente, haver\u00e1 substitui\u00e7\u00e3o dos gerentes durante esses dias.<\/p>\n<p>Tamb\u00e9m foi anunciado que a Caixa ir\u00e1 fazer o pagamento da comiss\u00e3o dos neg\u00f3cios de seguros. Ainda sem data definida.<\/p>\n<h3>Flexibiliza\u00e7\u00e3o<\/h3>\n<p>Outro comunicado foi sobre a flexibiliza\u00e7\u00e3o do hor\u00e1rio de almo\u00e7o para 30 minutos. Segundo foi informado, ser\u00e1 antecipado para janeiro de 2021. Essa medida \u00e9 fruto da Campanha Nacional e consta no Acordo Coletivo de Trabalho aprovados em assembleia pelos banc\u00e1rios.<\/p>\n<p>\u201cPrimeiro que \u00e9 um absurdo at\u00e9 agora a Caixa n\u00e3o ter repassado a comiss\u00e3o referente aos seguros. Sobre o intervalo, quem se deu o prazo de mar\u00e7o de 2021 foi o pr\u00f3prio banco, mesmo prazo para o parcelamento de f\u00e9rias em at\u00e9 tr\u00eas vezes. S\u00e3o itens que a Caixa deveria implementar ainda este ano\u201d, cobrou Fabiana.<\/p>\n<p><strong>Fonte: Contraf-CUT<\/strong><\/p>\n","protected":false},"excerpt":{"rendered":"<p>Os gerentes gerais de rede que trabalharam aos s\u00e1bados nas ag\u00eancias que abriram para o pagamento do aux\u00edlio emergencial ter\u00e3o 10 dias de compensa\u00e7\u00e3o. O an\u00fancio foi feito pelo presidente da Caixa, Pedro Guimar\u00e3es, por meio de um v\u00eddeo publicado nesta quarta-feira (23). No entanto, essa decis\u00e3o \u00e9 resultado da reivindica\u00e7\u00e3o da Comiss\u00e3o Executiva dos [&hellip;]<\/p>\n","protected":false},"author":2,"featured_media":9688,"comment_status":"","ping_status":"","sticky":false,"template":"","format":"standard","meta":{"footnotes":""},"categories":[3],"tags":[],"class_list":["post-9689","post","type-post","status-publish","format-standard","has-post-thumbnail","hentry","category-noticias"],"_links":{"self":[{"href":"https:\/\/hostnetart.com.br\/baixada\/wp-json\/wp\/v2\/posts\/9689","targetHints":{"allow":["GET"]}}],"collection":[{"href":"https:\/\/hostnetart.com.br\/baixada\/wp-json\/wp\/v2\/posts"}],"about":[{"href":"https:\/\/hostnetart.com.br\/baixada\/wp-json\/wp\/v2\/types\/post"}],"author":[{"embeddable":true,"href":"https:\/\/hostnetart.com.br\/baixada\/wp-json\/wp\/v2\/users\/2"}],"replies":[{"embeddable":true,"href":"https:\/\/hostnetart.com.br\/baixada\/wp-json\/wp\/v2\/comments?post=9689"}],"version-history":[{"count":0,"href":"https:\/\/hostnetart.com.br\/baixada\/wp-json\/wp\/v2\/posts\/9689\/revisions"}],"wp:featuredmedia":[{"embeddable":true,"href":"https:\/\/hostnetart.com.br\/baixada\/wp-json\/wp\/v2\/media\/9688"}],"wp:attachment":[{"href":"https:\/\/hostnetart.com.br\/baixada\/wp-json\/wp\/v2\/media?parent=9689"}],"wp:term":[{"taxonomy":"category","embeddable":true,"href":"https:\/\/hostnetart.com.br\/baixada\/wp-json\/wp\/v2\/categories?post=9689"},{"taxonomy":"post_tag","embeddable":true,"href":"https:\/\/hostnetart.com.br\/baixada\/wp-json\/wp\/v2\/tags?post=9689"}],"curies":[{"name":"wp","href":"https:\/\/api.w.org\/{rel}","templated":true}]}}