{"id":9687,"date":"2020-09-24T18:02:16","date_gmt":"2020-09-24T21:02:16","guid":{"rendered":"https:\/\/hostnetart.com.br\/baixada\/bancarios-protestam-contra-demissoes-no-santander-durante-a-pandemia\/"},"modified":"2020-09-24T18:02:16","modified_gmt":"2020-09-24T21:02:16","slug":"bancarios-protestam-contra-demissoes-no-santander-durante-a-pandemia","status":"publish","type":"post","link":"https:\/\/hostnetart.com.br\/baixada\/bancarios-protestam-contra-demissoes-no-santander-durante-a-pandemia\/","title":{"rendered":"Banc\u00e1rios protestam contra demiss\u00f5es no Santander durante a pandemia"},"content":{"rendered":"<p>Banc\u00e1rios de todo o pa\u00eds realizam, nesta quinta-feira (24), um Dia Nacional de Luta contra as demiss\u00f5es realizadas pelo banco Santander. Assim como o Ita\u00fa, o banco espanhol tamb\u00e9m vem rompendo compromisso firmado em mar\u00e7o, de n\u00e3o realizar cortes durante a pandemia. Em S\u00e3o Paulo, os protestos ocorreram na Torre Santander, matriz administrativa do banco espanhol no Brasil, que fica na Vila Olimpia, zona sul da capital.<\/p>\n<p>Al\u00e9m de a\u00e7\u00f5es promovidas pelos sindicatos dos banc\u00e1rios em diversas partes do pa\u00eds, os trabalhadores tamb\u00e9m promoveram um \u201ctuita\u00e7o\u201d, durante a manh\u00e3, contra as demiss\u00f5es. As hashtags\u00a0<a href=\"https:\/\/twitter.com\/hashtag\/SantanderPareAsDemissoes?src=hashtag_click\">#SantanderPareAsDemissoes<\/a>\u00a0e\u00a0<a href=\"https:\/\/twitter.com\/hashtag\/SantanderNaoTerceirize?src=hashtag_click\">#SantanderNaoTerceirize<\/a>\u00a0concentraram os protestos virtuais.<\/p>\n<p>Anteriormente, em junho, o banco chegou a anunciar planos de redu\u00e7\u00e3o de 20% dos postos de trabalho no Brasil. Essa iniciativa foi alvo, inclusive, de\u00a0<a href=\"https:\/\/www.redebrasilatual.com.br\/trabalho\/2020\/06\/campanha-internacional-santander-demitiu\/\">protesto internacional<\/a>. Mas, ap\u00f3s o banco voltar atr\u00e1s, desmentindo a inten\u00e7\u00e3o de cortar os postos de trabalho, as demiss\u00f5es continuaram a ocorrer.<\/p>\n<p>O Sindicato dos Banc\u00e1rios\u00a0de S\u00e3o Paulo,\u00a0Osasco\u00a0e Regi\u00e3o, entretanto, afirma que o banco tem aproveitado o fim do contrato de loca\u00e7\u00e3o da Vila Santander (VSP), no bairro do Lim\u00e3o, zona norte de S\u00e3o Paulo, que vence em novembro, para realizar demiss\u00f5es di\u00e1rias na unidade de call center.<\/p>\n<p>Al\u00e9m disso, os funcion\u00e1rios da VSP est\u00e3o sendo demitidos por telefone, substitu\u00eddos por terceirizados. Por outro lado, os que ficaram est\u00e3o sendo avisados, por telefone, da transfer\u00eancia para outros pr\u00e9dios, causando inseguran\u00e7a e transtorno aos banc\u00e1rios.<\/p>\n<h2><span style=\"text-decoration: underline;\">Mau exemplo<\/span><\/h2>\n<p>\u201cOutros bancos j\u00e1 come\u00e7aram a seguir esse mau exemplo. Todos os trabalhadores da categoria s\u00e3o afetados pela \u2018f\u00faria espanhola\u2019. Temos que unir todos os banc\u00e1rios e banc\u00e1rias para barrar estas medidas e evitar que elas se generalizem\u201d, afirmou o secret\u00e1rio de Assuntos Socioecon\u00f4micos e representante da Confedera\u00e7\u00e3o Nacional dos Trabalhadores do Ramo Financeiro (Contraf-CUT) nas negocia\u00e7\u00f5es com o Santander, Mario Raia.<\/p>\n<p>Enquanto isso, o Santander registrou lucro de R$ 3,8 bilh\u00f5es nos primeiros tr\u00eas meses do ano \u2013 alta de 10,5% em rela\u00e7\u00e3o a igual per\u00edodo de 2019. Ademais, as opera\u00e7\u00f5es no Brasil respondem pela maior fatia (29%) dos lucros obtidos pela institui\u00e7\u00e3o em todo o mundo. Mesmo assim, s\u00f3 em junho desta ano, 363 banc\u00e1rios foram demitidos pelo Santander.<\/p>\n<p><strong>Fonte: Rede Brasil Atual<\/strong><\/p>\n","protected":false},"excerpt":{"rendered":"<p>Banc\u00e1rios de todo o pa\u00eds realizam, nesta quinta-feira (24), um Dia Nacional de Luta contra as demiss\u00f5es realizadas pelo banco Santander. Assim como o Ita\u00fa, o banco espanhol tamb\u00e9m vem rompendo compromisso firmado em mar\u00e7o, de n\u00e3o realizar cortes durante a pandemia. Em S\u00e3o Paulo, os protestos ocorreram na Torre Santander, matriz administrativa do banco [&hellip;]<\/p>\n","protected":false},"author":2,"featured_media":9686,"comment_status":"","ping_status":"","sticky":false,"template":"","format":"standard","meta":{"footnotes":""},"categories":[3],"tags":[],"class_list":["post-9687","post","type-post","status-publish","format-standard","has-post-thumbnail","hentry","category-noticias"],"_links":{"self":[{"href":"https:\/\/hostnetart.com.br\/baixada\/wp-json\/wp\/v2\/posts\/9687","targetHints":{"allow":["GET"]}}],"collection":[{"href":"https:\/\/hostnetart.com.br\/baixada\/wp-json\/wp\/v2\/posts"}],"about":[{"href":"https:\/\/hostnetart.com.br\/baixada\/wp-json\/wp\/v2\/types\/post"}],"author":[{"embeddable":true,"href":"https:\/\/hostnetart.com.br\/baixada\/wp-json\/wp\/v2\/users\/2"}],"replies":[{"embeddable":true,"href":"https:\/\/hostnetart.com.br\/baixada\/wp-json\/wp\/v2\/comments?post=9687"}],"version-history":[{"count":0,"href":"https:\/\/hostnetart.com.br\/baixada\/wp-json\/wp\/v2\/posts\/9687\/revisions"}],"wp:featuredmedia":[{"embeddable":true,"href":"https:\/\/hostnetart.com.br\/baixada\/wp-json\/wp\/v2\/media\/9686"}],"wp:attachment":[{"href":"https:\/\/hostnetart.com.br\/baixada\/wp-json\/wp\/v2\/media?parent=9687"}],"wp:term":[{"taxonomy":"category","embeddable":true,"href":"https:\/\/hostnetart.com.br\/baixada\/wp-json\/wp\/v2\/categories?post=9687"},{"taxonomy":"post_tag","embeddable":true,"href":"https:\/\/hostnetart.com.br\/baixada\/wp-json\/wp\/v2\/tags?post=9687"}],"curies":[{"name":"wp","href":"https:\/\/api.w.org\/{rel}","templated":true}]}}