{"id":9685,"date":"2020-09-24T14:33:31","date_gmt":"2020-09-24T17:33:31","guid":{"rendered":"https:\/\/hostnetart.com.br\/baixada\/assembleia-do-rio-aprova-processo-de-impeachment-de-witzel-por-unanimidade\/"},"modified":"2020-09-24T14:33:31","modified_gmt":"2020-09-24T17:33:31","slug":"assembleia-do-rio-aprova-processo-de-impeachment-de-witzel-por-unanimidade","status":"publish","type":"post","link":"https:\/\/hostnetart.com.br\/baixada\/assembleia-do-rio-aprova-processo-de-impeachment-de-witzel-por-unanimidade\/","title":{"rendered":"Assembleia do Rio aprova processo de impeachment de Witzel por unanimidade"},"content":{"rendered":"<p>Por unanimidade, a Assembleia Legislativa do Rio de Janeiro (Alerj) aprovou \u00a0nesta quarta-feira (23) o encaminhamento do processo de impeachment do governador do Rio de Janeiro, Wilson Witzel, \u00a0ao Tribunal de Justi\u00e7a do estado (TJ-RJ). \u00a0Para prosseguir, o processo precisava de 47 votos, ou dois ter\u00e7os do total dos 70 deputados da casa. Foram\u00a0<a href=\"http:\/\/www.alerj.rj.gov.br\/Visualizar\/Noticia\/49454\" target=\"_blank\" rel=\"noopener noreferrer\">69 os votos pelo impeachment<\/a>. Antes da vota\u00e7\u00e3o, j\u00e1 prevendo o resultado, o governador afastado disse que estava sendo \u201camputado\u201d do cargo.<\/p>\n<p>O processo de impeachment de Witzel ser\u00e1 agora encaminhado para um \u201c<a href=\"https:\/\/www.redebrasilatual.com.br\/politica\/2020\/06\/assembleia-do-rio-autoriza-abertura-de-processo-de-impeachment-de-witzel\/\" target=\"_blank\" rel=\"noopener noreferrer\">Tribunal Misto<\/a>\u201d, composto por cinco deputados e cinco desembargadores do TJ-RJ, para o julgamento.<\/p>\n<p>Witzel \u00e9 acusado pela Procuradoria Geral da Rep\u00fablica (PGR) de ter recebido R$ 554,2 mil em propina por contratos firmados junto \u00e0 secretaria de sa\u00fade estadual. O Rio agora \u00e9 governado pelo vice-governador Cl\u00e1udio Castro (PSC), que \u00e9 pr\u00f3ximo da fam\u00edlia Bolsonaro.<\/p>\n<p>Ex-juiz federal, Witzel entrou na disputa pol\u00edtica como candidato ao governo do Rio pelo PSC. Na campanha de 2018, participou de uma manifesta\u00e7\u00e3o em Petr\u00f3polis, na regi\u00e3o serrana, em que foi exibida uma placa em homenagem \u00e0 vereadora Marielle Franco (Psol) destru\u00edda. Marielle tinha sido assassinada em 14 de mar\u00e7o do mesmo ano. Em mar\u00e7o de 2019, ele pediu desculpas \u00e0 fam\u00edlia.<\/p>\n<p>\u201cNunca esquecerenos, Witzel. Voc\u00ea estava l\u00e1 e apoiou. \u00c9 parte disso tudo\u201d, escreveu a deputada federal Jandira Feghali (PCdoB-RJ), no Twitter.<\/p>\n<p>\u201cQue a mete\u00f3rica ascens\u00e3o e queda de Witzel sirva de li\u00e7\u00e3o: a vida real cobra caro aos oportunistas e outsiders pol\u00edticos. Sem hist\u00f3ria, sem consist\u00eancia, n\u00e3o se vai a lugar nenhum. Ou melhor, se vai para o brejo. Anotem: Bolsonaro vai atolar no mesmo p\u00e2ntano\u201d, escreveu o deputado Orlando Silva (PCdoB-SP) na mesma rede.<\/p>\n<p><strong>Fonte: Rede Brasil Atual<\/strong><\/p>\n","protected":false},"excerpt":{"rendered":"<p>Por unanimidade, a Assembleia Legislativa do Rio de Janeiro (Alerj) aprovou \u00a0nesta quarta-feira (23) o encaminhamento do processo de impeachment do governador do Rio de Janeiro, Wilson Witzel, \u00a0ao Tribunal de Justi\u00e7a do estado (TJ-RJ). \u00a0Para prosseguir, o processo precisava de 47 votos, ou dois ter\u00e7os do total dos 70 deputados da casa. Foram\u00a069 os [&hellip;]<\/p>\n","protected":false},"author":2,"featured_media":9684,"comment_status":"","ping_status":"","sticky":false,"template":"","format":"standard","meta":{"footnotes":""},"categories":[3],"tags":[],"class_list":["post-9685","post","type-post","status-publish","format-standard","has-post-thumbnail","hentry","category-noticias"],"_links":{"self":[{"href":"https:\/\/hostnetart.com.br\/baixada\/wp-json\/wp\/v2\/posts\/9685","targetHints":{"allow":["GET"]}}],"collection":[{"href":"https:\/\/hostnetart.com.br\/baixada\/wp-json\/wp\/v2\/posts"}],"about":[{"href":"https:\/\/hostnetart.com.br\/baixada\/wp-json\/wp\/v2\/types\/post"}],"author":[{"embeddable":true,"href":"https:\/\/hostnetart.com.br\/baixada\/wp-json\/wp\/v2\/users\/2"}],"replies":[{"embeddable":true,"href":"https:\/\/hostnetart.com.br\/baixada\/wp-json\/wp\/v2\/comments?post=9685"}],"version-history":[{"count":0,"href":"https:\/\/hostnetart.com.br\/baixada\/wp-json\/wp\/v2\/posts\/9685\/revisions"}],"wp:featuredmedia":[{"embeddable":true,"href":"https:\/\/hostnetart.com.br\/baixada\/wp-json\/wp\/v2\/media\/9684"}],"wp:attachment":[{"href":"https:\/\/hostnetart.com.br\/baixada\/wp-json\/wp\/v2\/media?parent=9685"}],"wp:term":[{"taxonomy":"category","embeddable":true,"href":"https:\/\/hostnetart.com.br\/baixada\/wp-json\/wp\/v2\/categories?post=9685"},{"taxonomy":"post_tag","embeddable":true,"href":"https:\/\/hostnetart.com.br\/baixada\/wp-json\/wp\/v2\/tags?post=9685"}],"curies":[{"name":"wp","href":"https:\/\/api.w.org\/{rel}","templated":true}]}}