{"id":9683,"date":"2020-09-24T14:01:18","date_gmt":"2020-09-24T17:01:18","guid":{"rendered":"https:\/\/hostnetart.com.br\/baixada\/mundo-tem-mais-bilionarios-na-pandemia-enquanto-a-renda-do-trabalho-cai\/"},"modified":"2020-09-24T14:01:18","modified_gmt":"2020-09-24T17:01:18","slug":"mundo-tem-mais-bilionarios-na-pandemia-enquanto-a-renda-do-trabalho-cai","status":"publish","type":"post","link":"https:\/\/hostnetart.com.br\/baixada\/mundo-tem-mais-bilionarios-na-pandemia-enquanto-a-renda-do-trabalho-cai\/","title":{"rendered":"Mundo tem mais bilion\u00e1rios na pandemia, enquanto a renda do trabalho cai"},"content":{"rendered":"<p>Enquanto bilion\u00e1rios aumentaram suas fortunas durante o per\u00edodo de pandemia, tanto na Am\u00e9rica Latina como\u00a0<a href=\"https:\/\/www.redebrasilatual.com.br\/mundo\/2020\/07\/pandemia-desigualdade-enriqueceu-alguns-empobreceu-bilhoes\/\" target=\"_blank\" rel=\"noopener noreferrer\">no mundo<\/a>, a renda do trabalho est\u00e1 caindo. Os dados s\u00e3o de relat\u00f3rio divulgado nesta quarta-feira (23) pela\u00a0<a href=\"https:\/\/www.ilo.org\/brasilia\/noticias\/WCMS_756027\/lang--pt\/index.htm\" target=\"_blank\" rel=\"noopener noreferrer\">Organiza\u00e7\u00e3o Internacional do Trabalho<\/a>\u00a0(OIT). E informam que redu\u00e7\u00e3o de horas trabalhadas em todo o mundo levou a uma \u201cdr\u00e1stica\u201d diminui\u00e7\u00e3o do rendimento.<\/p>\n<p>De acordo com a OIT, apenas nos tr\u00eas primeiros meses do ano, os rendimentos provenientes do trabalho diminu\u00edram em torno de 10,7% em rela\u00e7\u00e3o a igual per\u00edodo de 2019. Isso equivale a aproximadamente US$ 3,5 bilh\u00f5es (perto de R$ 19,6 bilh\u00f5es, no c\u00e2mbio de hoje). \u201cEssa cifra n\u00e3o inclui os efeitos das medidas adotadas pelos governos para sustentar o n\u00edvel de renda\u201d, pondera a entidade. A renda do trabalho caiu principalmente em pa\u00edses de renda menor. Segundo a OIT, a Am\u00e9rica foi a regi\u00e3o mais atingida, com queda de 12,1%.<\/p>\n<p>A perda de quase R$ 20 bilh\u00f5es da renda dos trabalhadores vai no sentido oposto aos ganhos obtidos por bilion\u00e1rios em plena pandemia. Foi o que apontou relat\u00f3rio \u201cQuem Paga a Conta? \u2013 Taxar a Riqueza para Enfrentar a Crise da Covid na Am\u00e9rica Latina e Caribe\u201d.\u00a0<a href=\"https:\/\/www.redebrasilatual.com.br\/economia\/2020\/07\/na-pandemia-bilionarios-aumentam-fortuna-e-pobres-pagam-a-conta\/\" target=\"_blank\" rel=\"noopener noreferrer\">O estudo publicado pela Oxfam Brasil<\/a>\u00a0revelou que 73 bilion\u00e1rios da Am\u00e9rica Latina e do Caribe aumentaram suas fortunas em US$ 48,2 bilh\u00f5es apenas entre mar\u00e7o e junho deste ano. No Brasil, os 42 bilion\u00e1rios do pa\u00eds aumentaram suas fortunas em US$ 34 bilh\u00f5es no mesmo per\u00edodo. \u201cA Covid-19 n\u00e3o \u00e9 igual para todos. Enquanto a maioria da popula\u00e7\u00e3o se arrisca a ser contaminada para n\u00e3o perder emprego, os bilion\u00e1rios n\u00e3o t\u00eam com o que se preocupar\u201d, diz Katia Maia, diretora executiva da Oxfam Brasil.<\/p>\n<h2><span style=\"text-decoration: underline;\">Empregos perdidos<\/span><\/h2>\n<p>A entidade est\u00e1 revendo suas estimativas , considerando perdas maiores que as previstas inicialmente. Do quarto trimestre de 2019 para o segundo deste ano, por exemplo, calcula-se redu\u00e7\u00e3o de 17,3% nas horas trabalhadas. \u00c9 o equivalente a 495 milh\u00f5es de empregos de jornada completa (48 horas semanais). Antes, previa-se retra\u00e7\u00e3o de 14% (400 milh\u00f5es).<\/p>\n<p>Tamb\u00e9m se preveem quedas nos terceiro e quarto trimestres. \u201cUm dos motivos (sobre a nova estimativa de retra\u00e7\u00e3o) \u00e9 que os trabalhadores nas economias em desenvolvimento e emergentes, em particular no setor informal, t\u00eam sido muito mais atingidos do que em crises anteriores\u201d, afirma a entidade.<\/p>\n<h3>Medidas necess\u00e1rias<\/h3>\n<p>\u201cAo mesmo tempo em que redobramos esfor\u00e7os para vencer o v\u00edrus, devemos adotar medidas para mitigar seus efeitos nos aspectos econ\u00f4mico , social e de trabalho\u201d, diz o diretor geral da OIT, Guy Ryder. \u201cPrincipalmente, fomentar o emprego e a atividade empresarial, e assegurar a renda.\u201d\u00a0<\/p>\n<p>Essa queda tamb\u00e9m \u00e9 sentida no Brasil. A diminui\u00e7\u00e3o dos postos do trabalho<a href=\"https:\/\/www.redebrasilatual.com.br\/economia\/2020\/08\/encolhe-mercado-de-trabalho-perde-12-bilhoes-de-renda\/\" target=\"_blank\" rel=\"noopener noreferrer\">\u00a0fez a massa de rendimentos encolher em aproximadamente R$ 12 bilh\u00f5es\u00a0<\/a>apenas no segundo trimestre, de acordo com o IBGE.<\/p>\n<p><strong>Fonte: Rede Brasil Atual<\/strong><\/p>\n","protected":false},"excerpt":{"rendered":"<p>Enquanto bilion\u00e1rios aumentaram suas fortunas durante o per\u00edodo de pandemia, tanto na Am\u00e9rica Latina como\u00a0no mundo, a renda do trabalho est\u00e1 caindo. Os dados s\u00e3o de relat\u00f3rio divulgado nesta quarta-feira (23) pela\u00a0Organiza\u00e7\u00e3o Internacional do Trabalho\u00a0(OIT). E informam que redu\u00e7\u00e3o de horas trabalhadas em todo o mundo levou a uma \u201cdr\u00e1stica\u201d diminui\u00e7\u00e3o do rendimento. De acordo [&hellip;]<\/p>\n","protected":false},"author":2,"featured_media":9682,"comment_status":"","ping_status":"","sticky":false,"template":"","format":"standard","meta":{"footnotes":""},"categories":[3],"tags":[],"class_list":["post-9683","post","type-post","status-publish","format-standard","has-post-thumbnail","hentry","category-noticias"],"_links":{"self":[{"href":"https:\/\/hostnetart.com.br\/baixada\/wp-json\/wp\/v2\/posts\/9683","targetHints":{"allow":["GET"]}}],"collection":[{"href":"https:\/\/hostnetart.com.br\/baixada\/wp-json\/wp\/v2\/posts"}],"about":[{"href":"https:\/\/hostnetart.com.br\/baixada\/wp-json\/wp\/v2\/types\/post"}],"author":[{"embeddable":true,"href":"https:\/\/hostnetart.com.br\/baixada\/wp-json\/wp\/v2\/users\/2"}],"replies":[{"embeddable":true,"href":"https:\/\/hostnetart.com.br\/baixada\/wp-json\/wp\/v2\/comments?post=9683"}],"version-history":[{"count":0,"href":"https:\/\/hostnetart.com.br\/baixada\/wp-json\/wp\/v2\/posts\/9683\/revisions"}],"wp:featuredmedia":[{"embeddable":true,"href":"https:\/\/hostnetart.com.br\/baixada\/wp-json\/wp\/v2\/media\/9682"}],"wp:attachment":[{"href":"https:\/\/hostnetart.com.br\/baixada\/wp-json\/wp\/v2\/media?parent=9683"}],"wp:term":[{"taxonomy":"category","embeddable":true,"href":"https:\/\/hostnetart.com.br\/baixada\/wp-json\/wp\/v2\/categories?post=9683"},{"taxonomy":"post_tag","embeddable":true,"href":"https:\/\/hostnetart.com.br\/baixada\/wp-json\/wp\/v2\/tags?post=9683"}],"curies":[{"name":"wp","href":"https:\/\/api.w.org\/{rel}","templated":true}]}}