{"id":9681,"date":"2020-09-24T13:59:42","date_gmt":"2020-09-24T16:59:42","guid":{"rendered":"https:\/\/hostnetart.com.br\/baixada\/bancarios-protestam-contra-demissoes-no-santander\/"},"modified":"2020-09-24T13:59:42","modified_gmt":"2020-09-24T16:59:42","slug":"bancarios-protestam-contra-demissoes-no-santander","status":"publish","type":"post","link":"https:\/\/hostnetart.com.br\/baixada\/bancarios-protestam-contra-demissoes-no-santander\/","title":{"rendered":"Banc\u00e1rios protestam contra demiss\u00f5es no Santander"},"content":{"rendered":"<p>Nesta quinta-feira, dia 24\/09, Sindicatos dos Banc\u00e1rios de todo o pa\u00eds far\u00e3o o Dia Nacional de Luta contra as demiss\u00f5es realizadas pelo banco Santander.<\/p>\n<p>A decis\u00e3o foi tomada em reuni\u00e3o da Comiss\u00e3o de Organiza\u00e7\u00e3o dos Empregados (COE) do banco, realizada na tarde de segunda-feira (21).<\/p>\n<p>\u201cO Santander serve de mau exemplo para outros bancos. N\u00e3o bastassem as demiss\u00f5es pelo n\u00e3o cumprimento de metas, em plena pandemia, agora o banco passou a demitir gestantes e departamentos inteiros est\u00e3o sendo substitu\u00eddos por terceirizados\u201d, explicou o secret\u00e1rio de Assuntos Socioecon\u00f4micos e representante da Confedera\u00e7\u00e3o Nacional dos Trabalhadores do Ramo Financeiro (Contraf-CUT) nas negocia\u00e7\u00f5es com o banco, Mario Raia. \u201cOutros bancos j\u00e1 come\u00e7aram a seguir esse mau exemplo. Todos os trabalhadores da categoria s\u00e3o afetados pela \u2018f\u00faria espanhola\u2019. Temos que unir todos os banc\u00e1rios e banc\u00e1rias para barrar estas medidas e evitar que elas se generalizem\u201d, completou.<\/p>\n<h3>\u00a0<\/h3>\n<p><strong>Fonte: Contraf-CUT<\/strong><\/p>\n","protected":false},"excerpt":{"rendered":"<p>Nesta quinta-feira, dia 24\/09, Sindicatos dos Banc\u00e1rios de todo o pa\u00eds far\u00e3o o Dia Nacional de Luta contra as demiss\u00f5es realizadas pelo banco Santander. A decis\u00e3o foi tomada em reuni\u00e3o da Comiss\u00e3o de Organiza\u00e7\u00e3o dos Empregados (COE) do banco, realizada na tarde de segunda-feira (21). \u201cO Santander serve de mau exemplo para outros bancos. N\u00e3o [&hellip;]<\/p>\n","protected":false},"author":2,"featured_media":9680,"comment_status":"","ping_status":"","sticky":false,"template":"","format":"standard","meta":{"footnotes":""},"categories":[3],"tags":[],"class_list":["post-9681","post","type-post","status-publish","format-standard","has-post-thumbnail","hentry","category-noticias"],"_links":{"self":[{"href":"https:\/\/hostnetart.com.br\/baixada\/wp-json\/wp\/v2\/posts\/9681","targetHints":{"allow":["GET"]}}],"collection":[{"href":"https:\/\/hostnetart.com.br\/baixada\/wp-json\/wp\/v2\/posts"}],"about":[{"href":"https:\/\/hostnetart.com.br\/baixada\/wp-json\/wp\/v2\/types\/post"}],"author":[{"embeddable":true,"href":"https:\/\/hostnetart.com.br\/baixada\/wp-json\/wp\/v2\/users\/2"}],"replies":[{"embeddable":true,"href":"https:\/\/hostnetart.com.br\/baixada\/wp-json\/wp\/v2\/comments?post=9681"}],"version-history":[{"count":0,"href":"https:\/\/hostnetart.com.br\/baixada\/wp-json\/wp\/v2\/posts\/9681\/revisions"}],"wp:featuredmedia":[{"embeddable":true,"href":"https:\/\/hostnetart.com.br\/baixada\/wp-json\/wp\/v2\/media\/9680"}],"wp:attachment":[{"href":"https:\/\/hostnetart.com.br\/baixada\/wp-json\/wp\/v2\/media?parent=9681"}],"wp:term":[{"taxonomy":"category","embeddable":true,"href":"https:\/\/hostnetart.com.br\/baixada\/wp-json\/wp\/v2\/categories?post=9681"},{"taxonomy":"post_tag","embeddable":true,"href":"https:\/\/hostnetart.com.br\/baixada\/wp-json\/wp\/v2\/tags?post=9681"}],"curies":[{"name":"wp","href":"https:\/\/api.w.org\/{rel}","templated":true}]}}