{"id":968,"date":"2014-04-07T00:00:00","date_gmt":"2014-04-07T03:00:00","guid":{"rendered":"https:\/\/hostnetart.com.br\/baixada\/santander-brasil-marca-assembleia-de-acionistas-para-dia-30-de-abril\/"},"modified":"2014-04-07T00:00:00","modified_gmt":"2014-04-07T03:00:00","slug":"santander-brasil-marca-assembleia-de-acionistas-para-dia-30-de-abril","status":"publish","type":"post","link":"https:\/\/hostnetart.com.br\/baixada\/santander-brasil-marca-assembleia-de-acionistas-para-dia-30-de-abril\/","title":{"rendered":"Santander Brasil marca assembleia de acionistas para dia 30 de abril"},"content":{"rendered":"<p>O Santander Brasil publicou na \u00faltima sexta-feira (28) o edital de convoca\u00e7\u00e3o da assembleia geral ordin\u00e1ria e extraordin\u00e1ria dos acionistas do banco, que vai discutir e votar as demonstra\u00e7\u00f5es financeiras do exerc\u00edcio de 2013, deliberar sobre a destina\u00e7\u00e3o dos lucros e dividendos, eleger os membros do Conselho de Administra\u00e7\u00e3o e fixar a remunera\u00e7\u00e3o global anual dos administradores. A reuni\u00e3o ser\u00e1 realizada no pr\u00f3ximo dia 30 de abril, \u00e0s 15 horas, na Torre Santander (1\u00ba mezanino), em S\u00e3o Paulo.<\/p>\n<p>&gt; Clique\u00a0<a href=\"http:\/\/www.contrafcut.org.br\/download\/Arquivo\/14453121.PDF\" target=\"_blank\" rel=\"noopener noreferrer\">aqui<\/a>\u00a0para ler o edital da assembleia.<\/p>\n<p>O lucro do Santander Brasil caiu 9,7% em 2013, atingindo R$ 5,7 bilh\u00f5es. O banco j\u00e1 tinha registrado queda de 5% no lucro em 2012 na compara\u00e7\u00e3o com o ano anterior, tendo sido de R$ 6,3 bilh\u00f5es.<\/p>\n<p>No entanto, esse lucro de 2013 representa 23% do resultado mundial do banco espanhol. Em nenhum outro pa\u00eds do mundo, o Santander obteve lucro maior do que no Brasil.<\/p>\n<p>\u201cApesar desse baita resultado, o banco cortou 4.371 postos de trabalho, na contram\u00e3o da economia brasileira, que gerou 1.117.171 novos empregos no mesmo per\u00edodo\u201d, critica o secret\u00e1rio de imprensa da Contraf-CUT, Ademir Wiederkehr. \u201cO banco ficou mais uma vez devendo contrapartidas sociais para o pa\u00eds, al\u00e9m de valoriza\u00e7\u00e3o para os funcion\u00e1rios e aposentados\u201d.<\/p>\n<p>Fonte: Contraf-CUT<\/p>\n","protected":false},"excerpt":{"rendered":"<p>O Santander Brasil publicou na \u00faltima sexta-feira (28) o edital de convoca\u00e7\u00e3o da assembleia geral ordin\u00e1ria e extraordin\u00e1ria dos acionistas do banco, que vai discutir e votar as demonstra\u00e7\u00f5es financeiras do exerc\u00edcio de 2013, deliberar sobre a destina\u00e7\u00e3o dos lucros e dividendos, eleger os membros do Conselho de Administra\u00e7\u00e3o e fixar a remunera\u00e7\u00e3o global anual [&hellip;]<\/p>\n","protected":false},"author":1,"featured_media":0,"comment_status":"","ping_status":"","sticky":false,"template":"","format":"standard","meta":{"footnotes":""},"categories":[3],"tags":[],"class_list":["post-968","post","type-post","status-publish","format-standard","hentry","category-noticias"],"_links":{"self":[{"href":"https:\/\/hostnetart.com.br\/baixada\/wp-json\/wp\/v2\/posts\/968","targetHints":{"allow":["GET"]}}],"collection":[{"href":"https:\/\/hostnetart.com.br\/baixada\/wp-json\/wp\/v2\/posts"}],"about":[{"href":"https:\/\/hostnetart.com.br\/baixada\/wp-json\/wp\/v2\/types\/post"}],"author":[{"embeddable":true,"href":"https:\/\/hostnetart.com.br\/baixada\/wp-json\/wp\/v2\/users\/1"}],"replies":[{"embeddable":true,"href":"https:\/\/hostnetart.com.br\/baixada\/wp-json\/wp\/v2\/comments?post=968"}],"version-history":[{"count":0,"href":"https:\/\/hostnetart.com.br\/baixada\/wp-json\/wp\/v2\/posts\/968\/revisions"}],"wp:attachment":[{"href":"https:\/\/hostnetart.com.br\/baixada\/wp-json\/wp\/v2\/media?parent=968"}],"wp:term":[{"taxonomy":"category","embeddable":true,"href":"https:\/\/hostnetart.com.br\/baixada\/wp-json\/wp\/v2\/categories?post=968"},{"taxonomy":"post_tag","embeddable":true,"href":"https:\/\/hostnetart.com.br\/baixada\/wp-json\/wp\/v2\/tags?post=968"}],"curies":[{"name":"wp","href":"https:\/\/api.w.org\/{rel}","templated":true}]}}