{"id":9677,"date":"2020-09-23T15:30:04","date_gmt":"2020-09-23T18:30:04","guid":{"rendered":"https:\/\/hostnetart.com.br\/baixada\/bancarios-do-itau-lancam-campanha-contra-demissoes\/"},"modified":"2020-09-23T15:30:04","modified_gmt":"2020-09-23T18:30:04","slug":"bancarios-do-itau-lancam-campanha-contra-demissoes","status":"publish","type":"post","link":"https:\/\/hostnetart.com.br\/baixada\/bancarios-do-itau-lancam-campanha-contra-demissoes\/","title":{"rendered":"Banc\u00e1rios do Ita\u00fa lan\u00e7am campanha contra demiss\u00f5es"},"content":{"rendered":"<p>Os banc\u00e1rios do Ita\u00fa lan\u00e7am nesta quarta-feira (23) uma campanha nacional contra as demiss\u00f5es que o banco vem realizando em plena pandemia. Os desligamentos contrariam o compromisso da dire\u00e7\u00e3o do Ita\u00fa de n\u00e3o demitir durante a pandemia do coronav\u00edrus (Covid-19). Foram 130 demiss\u00f5es somente na \u00e1rea de Ve\u00edculos, al\u00e9m de outras que ocorrem nas ag\u00eancias. Os representantes do Ita\u00fa disseram inicialmente que os desligamentos ocorreram na \u00e1rea de Ve\u00edculos. No entanto, membros da COE afirmaram que tamb\u00e9m foram registradas demiss\u00f5es em ag\u00eancias, fato admitido pelo banco.<\/p>\n<p>Para marcar a data ser\u00e1 realizado um tuita\u00e7o \u00e0s 11h com a #Ita\u00faN\u00e3oDemitaMeusPais. \u201cO Ita\u00fa teve um lucro de R$ 28 bilh\u00f5es no ano o passado, R$8 bilh\u00f5es no primeiro semestre deste ano, desenvolveu campanha para mostrar seu lado humano na pandemia, mas demite funcion\u00e1rios durante a maior crise sanit\u00e1ria vivida pelo pa\u00eds nos \u00faltimos 100 anos. N\u00e3o podemos aceitar tamanha incoer\u00eancia. Esta \u00e9 a hora do banco mostrar sua responsabilidade com o pa\u00eds\u201d, convocou Jair Alves, coordenador da Comiss\u00e3o de Organiza\u00e7\u00e3o de Empresa (COE) do Ita\u00fa.<\/p>\n<p><strong>Fonte: Contraf-CUT<\/strong><\/p>\n","protected":false},"excerpt":{"rendered":"<p>Os banc\u00e1rios do Ita\u00fa lan\u00e7am nesta quarta-feira (23) uma campanha nacional contra as demiss\u00f5es que o banco vem realizando em plena pandemia. Os desligamentos contrariam o compromisso da dire\u00e7\u00e3o do Ita\u00fa de n\u00e3o demitir durante a pandemia do coronav\u00edrus (Covid-19). Foram 130 demiss\u00f5es somente na \u00e1rea de Ve\u00edculos, al\u00e9m de outras que ocorrem nas ag\u00eancias. [&hellip;]<\/p>\n","protected":false},"author":2,"featured_media":9676,"comment_status":"","ping_status":"","sticky":false,"template":"","format":"standard","meta":{"footnotes":""},"categories":[3],"tags":[],"class_list":["post-9677","post","type-post","status-publish","format-standard","has-post-thumbnail","hentry","category-noticias"],"_links":{"self":[{"href":"https:\/\/hostnetart.com.br\/baixada\/wp-json\/wp\/v2\/posts\/9677","targetHints":{"allow":["GET"]}}],"collection":[{"href":"https:\/\/hostnetart.com.br\/baixada\/wp-json\/wp\/v2\/posts"}],"about":[{"href":"https:\/\/hostnetart.com.br\/baixada\/wp-json\/wp\/v2\/types\/post"}],"author":[{"embeddable":true,"href":"https:\/\/hostnetart.com.br\/baixada\/wp-json\/wp\/v2\/users\/2"}],"replies":[{"embeddable":true,"href":"https:\/\/hostnetart.com.br\/baixada\/wp-json\/wp\/v2\/comments?post=9677"}],"version-history":[{"count":0,"href":"https:\/\/hostnetart.com.br\/baixada\/wp-json\/wp\/v2\/posts\/9677\/revisions"}],"wp:featuredmedia":[{"embeddable":true,"href":"https:\/\/hostnetart.com.br\/baixada\/wp-json\/wp\/v2\/media\/9676"}],"wp:attachment":[{"href":"https:\/\/hostnetart.com.br\/baixada\/wp-json\/wp\/v2\/media?parent=9677"}],"wp:term":[{"taxonomy":"category","embeddable":true,"href":"https:\/\/hostnetart.com.br\/baixada\/wp-json\/wp\/v2\/categories?post=9677"},{"taxonomy":"post_tag","embeddable":true,"href":"https:\/\/hostnetart.com.br\/baixada\/wp-json\/wp\/v2\/tags?post=9677"}],"curies":[{"name":"wp","href":"https:\/\/api.w.org\/{rel}","templated":true}]}}