{"id":9671,"date":"2020-09-22T13:59:48","date_gmt":"2020-09-22T16:59:48","guid":{"rendered":"https:\/\/hostnetart.com.br\/baixada\/uso-de-mascara-ajuda-a-controlar-pandemia-de-covid-19-comprova-pesquisa\/"},"modified":"2020-09-22T13:59:48","modified_gmt":"2020-09-22T16:59:48","slug":"uso-de-mascara-ajuda-a-controlar-pandemia-de-covid-19-comprova-pesquisa","status":"publish","type":"post","link":"https:\/\/hostnetart.com.br\/baixada\/uso-de-mascara-ajuda-a-controlar-pandemia-de-covid-19-comprova-pesquisa\/","title":{"rendered":"Uso de m\u00e1scara ajuda a controlar pandemia de covid-19, comprova pesquisa"},"content":{"rendered":"<p>O uso generalizado de m\u00e1scara \u2013 tanto por pessoas infectadas, quanto por pessoas saud\u00e1veis \u2013 contribui para controlar a pandemia de covid-19. As prote\u00e7\u00f5es faciais, mesmo quando insuficientes para evitar uma infec\u00e7\u00e3o, conseguem reduzir a quantidade de v\u00edrus que invadem o organismo. A pr\u00e1tica resulta em maior n\u00famero de casos assintom\u00e1ticos \u2013 com propor\u00e7\u00f5es que variam de 80% a 95% de casos sem sintomas. E tamb\u00e9m na redu\u00e7\u00e3o da gravidade dos casos sintom\u00e1ticos e menor mortalidade. \u00c9 o que aponta artigo na publica\u00e7\u00e3o m\u00e9dica\u00a0<a href=\"https:\/\/www.nejm.org\/doi\/pdf\/10.1056\/NEJMp2026913?articleTools=true\" target=\"_blank\" rel=\"noopener noreferrer\"><em>The New England Journal of Medicine<\/em><\/a>, publicado no dia 8 deste m\u00eas.<\/p>\n<p><a href=\"https:\/\/link.springer.com\/article\/10.1007\/s11606-020-06067-8?ref=theprepping-com&amp;error=cookies_not_supported&amp;code=b3133e14-14a1-4249-b7fa-8264f6a46471\" target=\"_blank\" rel=\"noopener noreferrer\">Segundo os pesquisadores<\/a>, no in\u00edcio da pandemia a taxa de assintom\u00e1ticos nos Estados Unidos estava em torno de 15%. Quando o uso de m\u00e1scaras foi determinado pelo Centro de Preven\u00e7\u00e3o e Controle de Doen\u00e7as (CDC, na sigla em ingl\u00eas) a taxa subiu para 40%. E chegou a 80% em locais com uso feito de forma universal.<\/p>\n<p>\u201cPa\u00edses acostumados a mascarar desde a pandemia de 2003 e aqueles que adotaram o uso de m\u00e1scara no in\u00edcio da pandemia covid-19 se sa\u00edram bem em termos de taxas de doen\u00e7as graves e morte. Mesmo quando casos ressurgiram nessas \u00e1reas, ap\u00f3s a reabertura a taxa de letalidade permaneceu baixa\u201d, destacam os pesquisadores. Eles citam Coreia do Sul, Cingapura, Hong Kong, por exemplo.<\/p>\n<p>O artigo cita como exemplo o surto de covid-19 no navio de cruzeiro Diamond Princess, ocorrido em fevereiro. Na ocasi\u00e3o o uso de m\u00e1scara contra a covid-19 ainda n\u00e3o era pr\u00e1tica. E 712 pessoas foram contaminadas \u2013 10 morreram. A taxa de assintom\u00e1ticos foi de 18%.<\/p>\n<p>Em outro caso, com uso de m\u00e1scara amplamente adotado, a situa\u00e7\u00e3o mudou. O cruzeiro Greg Mortimer teve 128 das 217 pessoas a bordo contaminadas pela covid-19. Mas todos haviam recebido m\u00e1scaras ap\u00f3s o primeiro caso ter sido detectado. E 81% dos contaminados foram assintom\u00e1ticos. Mesmo em um ambiente fechado.<\/p>\n<p>Em outros surtos, ocorridos em frigor\u00edficos nos Estados Unidos onde os trabalhadores recebiam m\u00e1scaras de prote\u00e7\u00e3o todos os dias, a taxa de contamina\u00e7\u00e3o assintom\u00e1tica chegou a 95%.<\/p>\n<p>\u201cUm modelo de computador mostrou uma correla\u00e7\u00e3o entre o uso de m\u00e1scara generalizado e o n\u00famero de casos de covid-19 em v\u00e1rios pa\u00edses, mas uma correla\u00e7\u00e3o ainda mais forte com a redu\u00e7\u00e3o das taxas de mortalidade.\u201d O estudo mostrou que se 80% da popula\u00e7\u00e3o usasse uma m\u00e1scara moderadamente eficaz, quase metade das mortes projetadas em dois meses poderiam ser evitadas.<\/p>\n<h2><span style=\"text-decoration: underline;\">Cachecol n\u00e3o substitui uso de m\u00e1scara contra covid<\/span><\/h2>\n<p>Outros estudos j\u00e1 apontaram a\u00a0<a href=\"https:\/\/www.redebrasilatual.com.br\/saude-e-ciencia\/2020\/08\/mascaras-caseiras-eficazes-coronavirus\/\" target=\"_blank\" rel=\"noopener noreferrer\">efic\u00e1cia das m\u00e1scaras caseiras<\/a>\u00a0contra o coronav\u00edrus. Uma pesquisa da Universidade de Duke, nos Estados Unidos, demonstrou que as m\u00e1scaras de algod\u00e3o, com duas camadas de tecido franzido, \u00e9 capaz de reter at\u00e9 90% da emiss\u00e3o de got\u00edculas durante a fala de uma pessoa.<\/p>\n<p>J\u00e1 o uso de cachec\u00f3is de l\u00e3 ou tric\u00f4 para cobrir o rosto, assim como bandanas, n\u00e3o \u00e9 recomendado. S\u00e3o itens que n\u00e3o servem para substituir o uso da m\u00e1scara contra a covid-19. No caso da l\u00e3, o spray de part\u00edculas de saliva foi superior ao da fala sem m\u00e1scara. O tecido provoca uma maior dispers\u00e3o das got\u00edculas.<\/p>\n<p><strong>Fonte: Rede Brasil Atual<\/strong><\/p>\n","protected":false},"excerpt":{"rendered":"<p>O uso generalizado de m\u00e1scara \u2013 tanto por pessoas infectadas, quanto por pessoas saud\u00e1veis \u2013 contribui para controlar a pandemia de covid-19. As prote\u00e7\u00f5es faciais, mesmo quando insuficientes para evitar uma infec\u00e7\u00e3o, conseguem reduzir a quantidade de v\u00edrus que invadem o organismo. A pr\u00e1tica resulta em maior n\u00famero de casos assintom\u00e1ticos \u2013 com propor\u00e7\u00f5es que [&hellip;]<\/p>\n","protected":false},"author":2,"featured_media":9670,"comment_status":"","ping_status":"","sticky":false,"template":"","format":"standard","meta":{"footnotes":""},"categories":[3],"tags":[],"class_list":["post-9671","post","type-post","status-publish","format-standard","has-post-thumbnail","hentry","category-noticias"],"_links":{"self":[{"href":"https:\/\/hostnetart.com.br\/baixada\/wp-json\/wp\/v2\/posts\/9671","targetHints":{"allow":["GET"]}}],"collection":[{"href":"https:\/\/hostnetart.com.br\/baixada\/wp-json\/wp\/v2\/posts"}],"about":[{"href":"https:\/\/hostnetart.com.br\/baixada\/wp-json\/wp\/v2\/types\/post"}],"author":[{"embeddable":true,"href":"https:\/\/hostnetart.com.br\/baixada\/wp-json\/wp\/v2\/users\/2"}],"replies":[{"embeddable":true,"href":"https:\/\/hostnetart.com.br\/baixada\/wp-json\/wp\/v2\/comments?post=9671"}],"version-history":[{"count":0,"href":"https:\/\/hostnetart.com.br\/baixada\/wp-json\/wp\/v2\/posts\/9671\/revisions"}],"wp:featuredmedia":[{"embeddable":true,"href":"https:\/\/hostnetart.com.br\/baixada\/wp-json\/wp\/v2\/media\/9670"}],"wp:attachment":[{"href":"https:\/\/hostnetart.com.br\/baixada\/wp-json\/wp\/v2\/media?parent=9671"}],"wp:term":[{"taxonomy":"category","embeddable":true,"href":"https:\/\/hostnetart.com.br\/baixada\/wp-json\/wp\/v2\/categories?post=9671"},{"taxonomy":"post_tag","embeddable":true,"href":"https:\/\/hostnetart.com.br\/baixada\/wp-json\/wp\/v2\/tags?post=9671"}],"curies":[{"name":"wp","href":"https:\/\/api.w.org\/{rel}","templated":true}]}}