{"id":9669,"date":"2020-09-22T13:57:02","date_gmt":"2020-09-22T16:57:02","guid":{"rendered":"https:\/\/hostnetart.com.br\/baixada\/memorial-da-democracia-celebra-a-luta-por-direitos-no-pais\/"},"modified":"2020-09-22T13:57:02","modified_gmt":"2020-09-22T16:57:02","slug":"memorial-da-democracia-celebra-a-luta-por-direitos-no-pais","status":"publish","type":"post","link":"https:\/\/hostnetart.com.br\/baixada\/memorial-da-democracia-celebra-a-luta-por-direitos-no-pais\/","title":{"rendered":"Memorial da Democracia celebra a luta por direitos no pa\u00eds"},"content":{"rendered":"<p>A luta por direitos no pa\u00eds tem uma refer\u00eancia hist\u00f3rica, que \u00e9 o museu virtual Memorial da Democracia. Neste m\u00eas, o projeto completa cinco anos. Concebido por uma equipe de jornalistas, historiadores, artistas e pesquisadores, o memorial \u00e9 uma obra em constru\u00e7\u00e3o permanente. Seu objetivo \u00e9 colocar \u00e0 disposi\u00e7\u00e3o de todos os brasileiros conte\u00fados din\u00e2micos sobre a longa caminhada do Brasil, da col\u00f4nia ao s\u00e9culo 21, em busca de democracia com justi\u00e7a social.<\/p>\n<p>\u00c9 o que mostra reportagem de J\u00f4 Miyagui no\u00a0<em>Seu Jornal<\/em>, da\u00a0<strong>TVT<\/strong>, nesta segunda-feira (21). \u201cDesde o golpe de 2016 contra a presidenta Dilma Rousseff, nossa jovem democracia sofre ataques constantes. E tamb\u00e9m s\u00e3o atacados todos os tipos de direitos dos brasileiros\u201d, afirma o jornalista.<\/p>\n<p>Segundo o professor de ci\u00eancia pol\u00edtica Francisco Fonseca, esses ataques s\u00e3o \u201cum crime contra os trabalhadores\u201d. Entre os retrocessos, ele destaca a reforma trabalhista, que ataca os direitos dos trabalhadores. Lembra tamb\u00e9m a terceiriza\u00e7\u00e3o irrestrita, tanto para atividades meio, como atividades fim em empresas privadas e estatais. E a Emenda Constitucional 95, que congela os gastos sociais em educa\u00e7\u00e3o, sa\u00fade e seguridade social por 20 anos. Outro retrocesso est\u00e1 na reforma previdenci\u00e1ria, que dificulta ao trabalhador se aposentar e torna ainda mais injusto o sistema previdenci\u00e1rio no pa\u00eds.\u00a0<\/p>\n<h2><span style=\"text-decoration: underline;\">Fruto de luta<\/span><\/h2>\n<p>Outro ataque \u00e0 democracia, ainda, \u00e9 o ativismo pol\u00edtico do Judici\u00e1rio, como \u00e9 o caso da\u00a0<a href=\"https:\/\/www.redebrasilatual.com.br\/blogs\/blog-na-rede\/2020\/09\/nova-denuncia-da-lava-jato-contra-lula-abusa-das-ilegalidades\/\" target=\"_blank\" rel=\"noopener noreferrer\">opera\u00e7\u00e3o Lava Jato<\/a>. A pretexto de combater a corrup\u00e7\u00e3o, a Lava Jato tem interferido nos rumos da pol\u00edtica nacional. \u201cUma grande parte do Poder Judici\u00e1rio tem desestabilizado a democracia. Falou-se muito em judicializa\u00e7\u00e3o da pol\u00edtica, mas hoje \u00e9 muito mais do que isso. \u00c9 a politiza\u00e7\u00e3o do judici\u00e1rio, ou a partidariza\u00e7\u00e3o do Judici\u00e1rio. A opera\u00e7\u00e3o Lava Jato \u00e9 o exemplo mais cabal. \u00c9 um Estado dentro do Estado. \u00c9 um estado protofascista. O que \u00e9 a figura do Deltan Dallagnol, do Sergio Moro?! Eles n\u00e3o t\u00eam nada de promotor e juiz. S\u00e3o militantes pol\u00edticos de direita.\u201d<\/p>\n<p>A democracia no pa\u00eds n\u00e3o caiu do c\u00e9u. Foi conquistada com luta, em meio a persegui\u00e7\u00f5es, tortura, e o sangue dos trabalhadores, militantes pol\u00edticos e estudantes. \u201cIsso foi fruto da conquista do povo brasileiro, como disse Darcy Ribeiro muito bem, que o melhor do Brasil \u00e9 o povo brasileiro\u201d, afirma o jornalista Franklin Martins.\u00a0<\/p>\n<p>Para contar essa hist\u00f3ria, que \u00e9 da luta e resist\u00eancia no Brasil, foi\u00a0<a href=\"http:\/\/memorialdademocracia.com.br\/\" target=\"_blank\" rel=\"noopener noreferrer\">criado em setembro de 2015<\/a>, o Memorial da Democracia. \u00c9 um museu virtual multim\u00eddia, com textos, fotos, v\u00eddeos e \u00e1udios com informa\u00e7\u00f5es de 1929 a 2010, destaca o jornalista, que ajudou a criar o memorial. \u201cA ideia \u00e9 recuperar a luta pela democracia no pa\u00eds\u201d.<\/p>\n<p><strong>Fonte: Rede Brasil Atual<\/strong><\/p>\n","protected":false},"excerpt":{"rendered":"<p>A luta por direitos no pa\u00eds tem uma refer\u00eancia hist\u00f3rica, que \u00e9 o museu virtual Memorial da Democracia. Neste m\u00eas, o projeto completa cinco anos. Concebido por uma equipe de jornalistas, historiadores, artistas e pesquisadores, o memorial \u00e9 uma obra em constru\u00e7\u00e3o permanente. Seu objetivo \u00e9 colocar \u00e0 disposi\u00e7\u00e3o de todos os brasileiros conte\u00fados din\u00e2micos [&hellip;]<\/p>\n","protected":false},"author":2,"featured_media":9668,"comment_status":"","ping_status":"","sticky":false,"template":"","format":"standard","meta":{"footnotes":""},"categories":[3],"tags":[],"class_list":["post-9669","post","type-post","status-publish","format-standard","has-post-thumbnail","hentry","category-noticias"],"_links":{"self":[{"href":"https:\/\/hostnetart.com.br\/baixada\/wp-json\/wp\/v2\/posts\/9669","targetHints":{"allow":["GET"]}}],"collection":[{"href":"https:\/\/hostnetart.com.br\/baixada\/wp-json\/wp\/v2\/posts"}],"about":[{"href":"https:\/\/hostnetart.com.br\/baixada\/wp-json\/wp\/v2\/types\/post"}],"author":[{"embeddable":true,"href":"https:\/\/hostnetart.com.br\/baixada\/wp-json\/wp\/v2\/users\/2"}],"replies":[{"embeddable":true,"href":"https:\/\/hostnetart.com.br\/baixada\/wp-json\/wp\/v2\/comments?post=9669"}],"version-history":[{"count":0,"href":"https:\/\/hostnetart.com.br\/baixada\/wp-json\/wp\/v2\/posts\/9669\/revisions"}],"wp:featuredmedia":[{"embeddable":true,"href":"https:\/\/hostnetart.com.br\/baixada\/wp-json\/wp\/v2\/media\/9668"}],"wp:attachment":[{"href":"https:\/\/hostnetart.com.br\/baixada\/wp-json\/wp\/v2\/media?parent=9669"}],"wp:term":[{"taxonomy":"category","embeddable":true,"href":"https:\/\/hostnetart.com.br\/baixada\/wp-json\/wp\/v2\/categories?post=9669"},{"taxonomy":"post_tag","embeddable":true,"href":"https:\/\/hostnetart.com.br\/baixada\/wp-json\/wp\/v2\/tags?post=9669"}],"curies":[{"name":"wp","href":"https:\/\/api.w.org\/{rel}","templated":true}]}}