{"id":9665,"date":"2020-09-21T19:57:47","date_gmt":"2020-09-21T22:57:47","guid":{"rendered":"https:\/\/hostnetart.com.br\/baixada\/mercantil-do-brasil-sindicatos-se-mobilizam-contra-demissoes-em-plena-pandemia\/"},"modified":"2020-09-21T19:57:47","modified_gmt":"2020-09-21T22:57:47","slug":"mercantil-do-brasil-sindicatos-se-mobilizam-contra-demissoes-em-plena-pandemia","status":"publish","type":"post","link":"https:\/\/hostnetart.com.br\/baixada\/mercantil-do-brasil-sindicatos-se-mobilizam-contra-demissoes-em-plena-pandemia\/","title":{"rendered":"Mercantil do Brasil: Sindicatos se mobilizam contra demiss\u00f5es em plena pandemia"},"content":{"rendered":"<p>Os funcion\u00e1rios e clientes do Mercantil do Brasil foram surpreendidos no dia 14 de setembro, com o an\u00fancio sobre o in\u00edcio de processo de encerramento das tr\u00eas plataformas de servi\u00e7os localizadas nas cidades de Salvador, Bras\u00edlia e Recife.<\/p>\n<p>Para realiza\u00e7\u00e3o desse processo, o banco deslocou uma equipe de t\u00e9cnicos de Belo Horizonte para essas pra\u00e7as, que ser\u00e3o encerradas no dia 26 de outubro. Esta equipe ser\u00e1 a respons\u00e1vel pela realiza\u00e7\u00e3o dos tr\u00e2mites legais, como informa\u00e7\u00f5es aos clientes, desligamentos de trabalhadores e demais processos administrativos.<\/p>\n<p>\u201cInfelizmente, mais sete banc\u00e1rios, pais e m\u00e3es de fam\u00edlia do Mercantil do Brasil, foram sumariamente demitidos por conta dessa obsess\u00e3o da empresa por lucros cada vez mais estratosf\u00e9ricos\u201d, disse o coordenador da Comiss\u00e3o de Organiza\u00e7\u00e3o dos Empregados (COE) do Mercantil do Brasil, Marco Aur\u00e9lio.<\/p>\n<p>Diante do grave problema, a Confedera\u00e7\u00e3o Nacional dos Trabalhadores do Ramo Financeiro (Contraf-CUT), a COE do Mercantil do Brasil, a Federa\u00e7\u00e3o dos Trabalhadores do Ramo Financeiro de Minas Gerais (Fetrafi-CUT\/MG), o Sindicato dos Banc\u00e1rios de Belo Horizonte e Regi\u00e3o e demais sindicatos de todo o pa\u00eds, se reuniram remotamente com o banco, na sexta-feira (18) e cobraram explica\u00e7\u00f5es sobre o encerramento das unidades, exigindo a revoga\u00e7\u00e3o imediata de todas as demiss\u00f5es de funcion\u00e1rios ocorridas. O Banco demitiu os trabalhadores sem ao menos tentar uma transfer\u00eancia ou eventual reaproveitamento em outras unidades. Em algumas demiss\u00f5es, os funcion\u00e1rios desligados alegaram problemas de sa\u00fade e estabilidade provis\u00f3ria de emprego, que n\u00e3o foram levadas em considera\u00e7\u00e3o pelo banco.<\/p>\n<p>O Mercantil se defendeu, mais uma vez, alegando que o fechamento das plataformas ocorreu pelo reposicionamento estrat\u00e9gico, focado na atua\u00e7\u00e3o exclusiva ao pagamento de pensionistas e benefici\u00e1rios do INSS, o que vem garantindo sua sobreviv\u00eancia. Segundo o representante da institui\u00e7\u00e3o financeira, foi tentado o reaproveitamento do maior n\u00famero de funcion\u00e1rios, mas em muitos casos, a dist\u00e2ncia de uma unidade a outra do banco impossibilitou essa mudan\u00e7a e que as estabilidades ser\u00e3o garantidas de acordo com a lei espec\u00edfica nesses casos.<\/p>\n<p>O banco anunciou em mesa que a decis\u00e3o em rela\u00e7\u00e3o \u00e0s demiss\u00f5es j\u00e1 foi tomada e que n\u00e3o ir\u00e1 reverter os desligamentos.<\/p>\n<p>Diante do impasse, foi acertada nova reuni\u00e3o, para o dia 22 de setembro.<\/p>\n<p>Para Marco Aur\u00e9lio, que \u00e9 funcion\u00e1rio do Mercantil, trata-se de mais uma insensibilidade e trucul\u00eancia do Banco Mercantil do Brasil em plena pandemia. \u201cUm processo duro de fechamento de plataformas de servi\u00e7os aos clientes e demiss\u00f5es de funcion\u00e1rios n\u00e3o deveria ocorrer em hip\u00f3tese alguma, principalmente nesse per\u00edodo de incertezas e inseguran\u00e7a de pandemia de Covid-19. Para a dire\u00e7\u00e3o do Mercantil do Brasil, o lucro \u00e9 mais importante do que o bem estar e a vida das pessoas\u201d, disse.<\/p>\n<p>\u201c\u00c9 primordial que o Mercantil do Brasil tenha humanidade nesse momento t\u00e3o delicado que estamos passando e assuma o compromisso de preservar os empregos, dando oportunidade a todos os trabalhadores lotados nas plataformas que ser\u00e3o encerradas\u201d, defendeu a presidenta da Fetrafi-CUT\/MG, Magaly Fagundes.<\/p>\n<p>O presidente do Seeb\/BH, Ramon Peres, orientou que estes trabalhadores demitidos procurem seus direitos junto aos sindicatos locais. \u201cO banco tem a obriga\u00e7\u00e3o de manter o emprego daqueles funcion\u00e1rios que, por ventura, est\u00e3o com problemas de sa\u00fade ou com algum tipo de estabilidade provis\u00f3ria de emprego, mas se os banc\u00e1rios se calarem e n\u00e3o buscarem seus direitos legais, a empresa tamb\u00e9m se far\u00e1 de desentendida, e quem poder\u00e1 perder \u00e9 o trabalhador\u201d concluiu.<\/p>\n<p>Sindicatos de todas as bases onde existem unidades no Mercantil do Brasil est\u00e3o mobilizados para lutar contra a gan\u00e2ncia e prepot\u00eancia do banco e pela manuten\u00e7\u00e3o dos empregos e da dignidade dos funcion\u00e1rios do banco.<\/p>\n<p><strong>Fonte: Contraf-CUT<\/strong><\/p>\n","protected":false},"excerpt":{"rendered":"<p>Os funcion\u00e1rios e clientes do Mercantil do Brasil foram surpreendidos no dia 14 de setembro, com o an\u00fancio sobre o in\u00edcio de processo de encerramento das tr\u00eas plataformas de servi\u00e7os localizadas nas cidades de Salvador, Bras\u00edlia e Recife. Para realiza\u00e7\u00e3o desse processo, o banco deslocou uma equipe de t\u00e9cnicos de Belo Horizonte para essas pra\u00e7as, [&hellip;]<\/p>\n","protected":false},"author":2,"featured_media":9664,"comment_status":"","ping_status":"","sticky":false,"template":"","format":"standard","meta":{"footnotes":""},"categories":[3],"tags":[],"class_list":["post-9665","post","type-post","status-publish","format-standard","has-post-thumbnail","hentry","category-noticias"],"_links":{"self":[{"href":"https:\/\/hostnetart.com.br\/baixada\/wp-json\/wp\/v2\/posts\/9665","targetHints":{"allow":["GET"]}}],"collection":[{"href":"https:\/\/hostnetart.com.br\/baixada\/wp-json\/wp\/v2\/posts"}],"about":[{"href":"https:\/\/hostnetart.com.br\/baixada\/wp-json\/wp\/v2\/types\/post"}],"author":[{"embeddable":true,"href":"https:\/\/hostnetart.com.br\/baixada\/wp-json\/wp\/v2\/users\/2"}],"replies":[{"embeddable":true,"href":"https:\/\/hostnetart.com.br\/baixada\/wp-json\/wp\/v2\/comments?post=9665"}],"version-history":[{"count":0,"href":"https:\/\/hostnetart.com.br\/baixada\/wp-json\/wp\/v2\/posts\/9665\/revisions"}],"wp:featuredmedia":[{"embeddable":true,"href":"https:\/\/hostnetart.com.br\/baixada\/wp-json\/wp\/v2\/media\/9664"}],"wp:attachment":[{"href":"https:\/\/hostnetart.com.br\/baixada\/wp-json\/wp\/v2\/media?parent=9665"}],"wp:term":[{"taxonomy":"category","embeddable":true,"href":"https:\/\/hostnetart.com.br\/baixada\/wp-json\/wp\/v2\/categories?post=9665"},{"taxonomy":"post_tag","embeddable":true,"href":"https:\/\/hostnetart.com.br\/baixada\/wp-json\/wp\/v2\/tags?post=9665"}],"curies":[{"name":"wp","href":"https:\/\/api.w.org\/{rel}","templated":true}]}}