{"id":9663,"date":"2020-09-18T14:12:02","date_gmt":"2020-09-18T17:12:02","guid":{"rendered":"https:\/\/hostnetart.com.br\/baixada\/empregados-do-bndes-aprovam-acordo-com-o-banco\/"},"modified":"2020-09-18T14:12:02","modified_gmt":"2020-09-18T17:12:02","slug":"empregados-do-bndes-aprovam-acordo-com-o-banco","status":"publish","type":"post","link":"https:\/\/hostnetart.com.br\/baixada\/empregados-do-bndes-aprovam-acordo-com-o-banco\/","title":{"rendered":"Empregados do BNDES aprovam acordo com o banco"},"content":{"rendered":"<p>Os empregados do Banco Nacional do Desenvolvimento Econ\u00f4mico e Social (BNDES) aprovaram nesta ter\u00e7a-feira (15) as cl\u00e1usulas econ\u00f4micas do Acordo Coletivo de Trabalho espec\u00edfico dos funcion\u00e1rios do banco. O pleito eletr\u00f4nico contou com a participa\u00e7\u00e3o de 1.853 funcion\u00e1rios, dos cerca de 2.600 que comp\u00f5em o Sistema BNDES. Foram 94,72% dos votos favor\u00e1veis ao acordo, 5,01% contr\u00e1rios e 0,27% de absten\u00e7\u00f5es.<\/p>\n<p>As empresas do Sistema BNDES (o banco, a Finame e o BNDESPAR) se comprometem a respeitar, durante a vig\u00eancia do\u00a0<a href=\"https:\/\/contrafcut.com.br\/proposta-economica-apovada-bndes\/\" target=\"_blank\" rel=\"noopener noreferrer\">acordo aprovado<\/a>, as cl\u00e1usulas constantes da Conven\u00e7\u00e3o Coletiva de Trabalho (CCT) da categoria banc\u00e1ria, inclusive as disposi\u00e7\u00f5es sobre Rela\u00e7\u00f5es Sindicais e da Conven\u00e7\u00e3o Coletiva de Trabalho Aditiva sobre teletrabalho), celebrada entre a Federa\u00e7\u00e3o Nacional dos Bancos (Fenaban) e a Confedera\u00e7\u00e3o Nacional dos Trabalhadores do Ramo Financeiro (Contraf-CUT) naquilo que n\u00e3o for conflitante com o presente Acordo Coletivo.<\/p>\n<p>Para 2020, a CCT garante reajuste de 1,5% e a reposi\u00e7\u00e3o do INPC para demais verbas como vale-alimenta\u00e7\u00e3o e vale-refei\u00e7\u00e3o, assim como para os valores fixos e tetos da PLR. Para 2021, haver\u00e1 aumento real de 0,5% (INPC + 0,5%) para sal\u00e1rios e demais verbas, como VA, VR, aux\u00edlio-creche, valores fixos e tetos da PLR. (para ver o resumo do acordo,\u00a0<a href=\"https:\/\/contrafcut.com.br\/noticias\/resumo-das-negociacoes-com-a-fenaban\/\" target=\"_blank\" rel=\"noopener noreferrer\">clique aqui<\/a>).<\/p>\n<p>\u201cEssa aprova\u00e7\u00e3o \u00e9 uma sinaliza\u00e7\u00e3o, de ambas as partes, de que podemos chegar \u00e0 conclus\u00e3o do acordo em mesa de negocia\u00e7\u00f5es\u201d, avaliou o vice-presidente e representante da Confedera\u00e7\u00e3o Nacional dos Trabalhadores do Ramo Financeiro (Contraf-CUT) nas negocia\u00e7\u00f5es com o BNDES, Vin\u00edcius de Assump\u00e7\u00e3o.<\/p>\n<h3><strong>Demais cl\u00e1usulas<\/strong><\/h3>\n<p>O dirigente da Contraf-CUT informou tamb\u00e9m que as\u00a0<a href=\"https:\/\/contrafcut.com.br\/noticias\/funcionarios-cobram-disposicao-do-bndes-para-o-acordo\" target=\"_blank\" rel=\"noopener noreferrer\">demais cl\u00e1usulas do acordo<\/a>\u00a0continuam no processo negocial.<\/p>\n<p>\u201cAs demais cl\u00e1usulas s\u00e3o vitais para o funcionalismo e para o movimento sindical e associativo. Por isso, as negocia\u00e7\u00f5es sobre elas continuam\u201d, disse Vin\u00edcius, ao se referir \u00e0s cl\u00e1usulas de estabilidade no emprego, da organiza\u00e7\u00e3o sindical, do plano de sa\u00fade e da Funda\u00e7\u00e3o de Assist\u00eancia e Previd\u00eancia Social do BNDES (Fapes).<\/p>\n<p><strong>Fonte: Contraf-CUT<\/strong><\/p>\n","protected":false},"excerpt":{"rendered":"<p>Os empregados do Banco Nacional do Desenvolvimento Econ\u00f4mico e Social (BNDES) aprovaram nesta ter\u00e7a-feira (15) as cl\u00e1usulas econ\u00f4micas do Acordo Coletivo de Trabalho espec\u00edfico dos funcion\u00e1rios do banco. O pleito eletr\u00f4nico contou com a participa\u00e7\u00e3o de 1.853 funcion\u00e1rios, dos cerca de 2.600 que comp\u00f5em o Sistema BNDES. Foram 94,72% dos votos favor\u00e1veis ao acordo, 5,01% [&hellip;]<\/p>\n","protected":false},"author":2,"featured_media":9662,"comment_status":"","ping_status":"","sticky":false,"template":"","format":"standard","meta":{"footnotes":""},"categories":[3],"tags":[],"class_list":["post-9663","post","type-post","status-publish","format-standard","has-post-thumbnail","hentry","category-noticias"],"_links":{"self":[{"href":"https:\/\/hostnetart.com.br\/baixada\/wp-json\/wp\/v2\/posts\/9663","targetHints":{"allow":["GET"]}}],"collection":[{"href":"https:\/\/hostnetart.com.br\/baixada\/wp-json\/wp\/v2\/posts"}],"about":[{"href":"https:\/\/hostnetart.com.br\/baixada\/wp-json\/wp\/v2\/types\/post"}],"author":[{"embeddable":true,"href":"https:\/\/hostnetart.com.br\/baixada\/wp-json\/wp\/v2\/users\/2"}],"replies":[{"embeddable":true,"href":"https:\/\/hostnetart.com.br\/baixada\/wp-json\/wp\/v2\/comments?post=9663"}],"version-history":[{"count":0,"href":"https:\/\/hostnetart.com.br\/baixada\/wp-json\/wp\/v2\/posts\/9663\/revisions"}],"wp:featuredmedia":[{"embeddable":true,"href":"https:\/\/hostnetart.com.br\/baixada\/wp-json\/wp\/v2\/media\/9662"}],"wp:attachment":[{"href":"https:\/\/hostnetart.com.br\/baixada\/wp-json\/wp\/v2\/media?parent=9663"}],"wp:term":[{"taxonomy":"category","embeddable":true,"href":"https:\/\/hostnetart.com.br\/baixada\/wp-json\/wp\/v2\/categories?post=9663"},{"taxonomy":"post_tag","embeddable":true,"href":"https:\/\/hostnetart.com.br\/baixada\/wp-json\/wp\/v2\/tags?post=9663"}],"curies":[{"name":"wp","href":"https:\/\/api.w.org\/{rel}","templated":true}]}}