{"id":9661,"date":"2020-09-18T03:16:32","date_gmt":"2020-09-18T06:16:32","guid":{"rendered":"https:\/\/hostnetart.com.br\/baixada\/cresce-pressao-da-europa-contra-politica-que-destroi-florestas-no-brasil\/"},"modified":"2020-09-18T03:16:32","modified_gmt":"2020-09-18T06:16:32","slug":"cresce-pressao-da-europa-contra-politica-que-destroi-florestas-no-brasil","status":"publish","type":"post","link":"https:\/\/hostnetart.com.br\/baixada\/cresce-pressao-da-europa-contra-politica-que-destroi-florestas-no-brasil\/","title":{"rendered":"Cresce press\u00e3o da Europa contra pol\u00edtica que destr\u00f3i florestas no Brasil"},"content":{"rendered":"<p>O embaixador da Uni\u00e3o Europeia no Brasil, Ignacio Yb\u00e1\u00f1ez, refor\u00e7ou enfaticamente nesta quinta-feira (17) o profundo mal estar pol\u00edtico que a destrui\u00e7\u00e3o da Amaz\u00f4nia e do meio ambiente no Brasil vem causando na Europa. \u201cO processo de ratifica\u00e7\u00e3o e assinatura do acordo (entre\u00a0<a href=\"https:\/\/www.redebrasilatual.com.br\/economia\/2019\/07\/questao-ambiental-pode-travar-acordo-mercosul-uniao-europeia-alerta-belluzzo\/\" target=\"_blank\" rel=\"noopener noreferrer\">Mercosul e Uni\u00e3o Europeia<\/a>) ser\u00e1 pol\u00edtico e haver\u00e1 debate. O acordo tem um cap\u00edtulo sobre com\u00e9rcio e desenvolvimento sustent\u00e1vel, com compromissos de ambas as partes sobre regras que promovem a sustentabilidade. O cap\u00edtulo fala, por exemplo, sobre o compromisso de respeitar o Acordo de Paris sobre clima. Tamb\u00e9m sobre a prote\u00e7\u00e3o da biodiversidade\u201d, disse ele\u00a0<a href=\"https:\/\/oglobo.globo.com\/economia\/precisamos-de-resultados-todos-tem-dado-recado-diz-embaixador-da-uniao-europeia-no-brasil-24644012\" target=\"_blank\" rel=\"noopener noreferrer\">ao jornal\u00a0<em>O Globo<\/em><\/a>.<\/p>\n<p>A omiss\u00e3o do governo Jair Bolsonaro frente ao desmatamento da Floresta Amaz\u00f4nica e ao inc\u00eandio no Pantanal amea\u00e7a fortemente a assinatura do acordo entre Mercosul e Uni\u00e3o Europeia (UE). A press\u00e3o das sociedades tem for\u00e7ado l\u00edderes e pol\u00edticos no Velho Mundo a refazer estrat\u00e9gias em seus posicionamentos nas rela\u00e7\u00f5es internacionais e tamb\u00e9m internamente.<\/p>\n<p>A men\u00e7\u00e3o ao Acordo de Paris por Yb\u00e1\u00f1ez \u00e9 significativa. No final de 2019, Bolsonaro n\u00e3o compareceu \u00e0\u00a0<a href=\"https:\/\/www.redebrasilatual.com.br\/ambiente\/2019\/12\/governo-bolsonaro-nao-esta-em-situacao-favoravel-para-negociacao-na-cop25-em-madri\/\">C\u00fapula do Clima em Madri (COP 25)\u00a0<\/a>em reuni\u00e3o de chefes de Estado em Madrid para debater mudan\u00e7as clim\u00e1ticas e justamente o Acordo de Paris. Rec\u00e9m-eleito em 2018, o presidente brasileiro cancelou a realiza\u00e7\u00e3o da importante reuni\u00e3o, que seria no Brasil. Representando o governo brasileiro, o ministro do Meio Ambiente, Ricardo Salles, voltou do evento dizendo que \u201ca COP 25 n\u00e3o deu em nada\u201d.<\/p>\n<p>Para entrar em vigor, o acordo Mercosul-Uni\u00e3o Europeia precisa ser aprovado pelo Parlamento Europeu e pelos congressos nacionais dos pa\u00edses-membros. O texto ainda n\u00e3o foi sequer fechado. S\u00f3 depois disso ele passar\u00e1 pelo crivo dos parlamentos.<\/p>\n<h2><strong>Mobiliza\u00e7\u00e3o na Europa<\/strong><\/h2>\n<p>\u201cA declara\u00e7\u00e3o de Yb\u00e1\u00f1ez n\u00e3o surpreende, porque o movimento tem sido feito desde o ano passado. Alguns parlamentos j\u00e1 estavam se manifestando no sentido de n\u00e3o aprovar esse acordo\u201d, diz Elaini Silva, doutora em Direito Internacional pela USP e professora do mestrado Profissional em Governan\u00e7a Global e Formula\u00e7\u00e3o de Pol\u00edticas Internacionais da PUC de S\u00e3o Paulo. Ela cita os parlamentos da B\u00e9lgica, Holanda e \u00c1ustria como alguns onde h\u00e1 mobiliza\u00e7\u00e3o de parlamentares pedindo a rejei\u00e7\u00e3o do tratado.<\/p>\n<p>\u201cAs sociedades est\u00e3o se mobilizando, tentando meios de conseguir de alguma forma controlar melhor a atua\u00e7\u00e3o de seus pol\u00edticos. Na democracia, a a\u00e7\u00e3o dos pol\u00edticos tem que refletir o interesse da sociedade\u201d, afirma. Um dos interesses crescentes para as sociedades em todo o planeta \u00e9 a quest\u00e3o ambiental.<\/p>\n<p>Na Alemanha, em particular, os pol\u00edticos sabem que o tema pode ser decisivo para suas pretens\u00f5es nas elei\u00e7\u00f5es de 2021, quando o pa\u00eds escolher\u00e1 um novo chanceler.<\/p>\n<p><a href=\"http:\/\/segundo%20o%20deutsche%20welle\/\" target=\"_blank\" rel=\"noopener noreferrer\">Segundo a edi\u00e7\u00e3o brasileira no jornal alem\u00e3o\u00a0<em>Deutsche Welle<\/em><\/a>, para o governo da primeira-ministra Angela Merkel, \u201cas taxas de desmatamento no Brasil s\u00e3o preocupantes, e as condi\u00e7\u00f5es para melhorar os direitos territoriais e a prote\u00e7\u00e3o dos povos ind\u00edgenas e grupos tradicionais v\u00eam se deteriorando\u201d.<\/p>\n<p>Esse posicionamento \u00e9 reflexo das press\u00f5es sobre parlamentares, que por sua vez pressionam o governo. Os deputados verdes s\u00e3o os mais fortes opositores do acordo na Alemanha exercem influ\u00eancia no continente.<\/p>\n<h3><strong>Acordo Mercosul-UE: risco de fracasso<\/strong><\/h3>\n<p>A destrui\u00e7\u00e3o das florestas no Brasil \u00e9 principalmente consequ\u00eancia dos interesses dos latifundi\u00e1rios e do agroneg\u00f3cio, representados por Ricardo Salles. Na\u00a0<a href=\"https:\/\/www.redebrasilatual.com.br\/politica\/2020\/05\/reuniao-de-22-de-abril-palavroes-xingamentos-ameacas-desprezo-pela-republica\/\">reuni\u00e3o de 22 de abril<\/a>, uma fala do ministro provocou esc\u00e2ndalo e perplexidade mundial. Ele defendeu que, aproveitando a pandemia de covid-19, as pol\u00edticas deveriam \u201cir passando a boiada e mudando todo o regramento e simplificando normas\u201d. Segundo ele, \u201cde IPHAN, de minist\u00e9rio da Agricultura, de minist\u00e9rio de Meio Ambiente, de minist\u00e9rio disso, de minist\u00e9rio daquilo\u201d.<\/p>\n<p>Para Elaini, nem mesmo em \u201cinteresses do Brasil\u201d se pode falar, quando se pensa na possibilidade de o acordo UE-Mercosul fracassar ou mesmo na amea\u00e7a que a postura brasileira representa \u00e0s exporta\u00e7\u00f5es do pa\u00eds. A produ\u00e7\u00e3o de soja e carne, por exemplo, s\u00e3o as duas culturas mais altamente destrutivas do meio ambiente, e portanto prejudiciais \u00e0 toda sociedade. A floresta amaz\u00f4nica est\u00e1 caindo para dar lugar a pastos.<\/p>\n<p>\u201cQuando se fala que o Brasil exporta, \u00e9 uma fal\u00e1cia. O governo brasileiro n\u00e3o exporta, o Brasil n\u00e3o exporta, o povo brasileiro n\u00e3o exporta. Quem exporta s\u00e3o empresas. Numa sociedade altamente desigual como a nossa, os benef\u00edcios da exporta\u00e7\u00e3o n\u00e3o s\u00e3o igualmente distribu\u00eddos por todo o povo\u201d, destaca Elaini Silva.<\/p>\n<p>Enquanto as florestas queimam e caem, Bolsonaro mant\u00e9m seu discurso de indiferen\u00e7a perversa e o atrelamento aos Estados Unidos de Donald Trump. Na quarta (16), ele afirmou, sobre a trag\u00e9dia ambiental, que as cr\u00edticas s\u00e3o \u201cdesproporcionais\u201d. \u201cPega fogo, n\u00e9? O \u00edndio taca fogo, o caboclo, tem a gera\u00e7\u00e3o espont\u00e2nea\u201d, disse o presidente da Rep\u00fablica do Brasil.<\/p>\n<h3><strong>Defund Bolsonaro<\/strong><\/h3>\n<p>Um\u00a0<a href=\"https:\/\/www.redebrasilatual.com.br\/ambiente\/2020\/09\/campanha-salvar-amazonia-questiona-apoio-bolsonaro\/\" target=\"_blank\" rel=\"noopener noreferrer\">v\u00eddeo divulgado por entidades ambientalistas<\/a>\u00a0e promovido pela Articula\u00e7\u00e3o dos Povos Ind\u00edgenas do Brasil (Apib) ganhou o mundo. Denominada\u00a0<em>Defund Bolsonaro<\/em>\u00a0(Corte o financiamento de Bolsonaro, em tradu\u00e7\u00e3o livre), a campanha, para divulga\u00e7\u00e3o internacional, prop\u00f5e o boicote a empresas de soja, carne e couro brasileiras que, com o apoio do governo, est\u00e3o relacionadas com as queimadas na Amaz\u00f4nia. O ator Leonardo DiCaprio apoia a campanha.<\/p>\n<p><strong>Fonte: Rede Brasil Atual<\/strong><\/p>\n","protected":false},"excerpt":{"rendered":"<p>O embaixador da Uni\u00e3o Europeia no Brasil, Ignacio Yb\u00e1\u00f1ez, refor\u00e7ou enfaticamente nesta quinta-feira (17) o profundo mal estar pol\u00edtico que a destrui\u00e7\u00e3o da Amaz\u00f4nia e do meio ambiente no Brasil vem causando na Europa. \u201cO processo de ratifica\u00e7\u00e3o e assinatura do acordo (entre\u00a0Mercosul e Uni\u00e3o Europeia) ser\u00e1 pol\u00edtico e haver\u00e1 debate. O acordo tem um [&hellip;]<\/p>\n","protected":false},"author":2,"featured_media":9660,"comment_status":"","ping_status":"","sticky":false,"template":"","format":"standard","meta":{"footnotes":""},"categories":[3],"tags":[],"class_list":["post-9661","post","type-post","status-publish","format-standard","has-post-thumbnail","hentry","category-noticias"],"_links":{"self":[{"href":"https:\/\/hostnetart.com.br\/baixada\/wp-json\/wp\/v2\/posts\/9661","targetHints":{"allow":["GET"]}}],"collection":[{"href":"https:\/\/hostnetart.com.br\/baixada\/wp-json\/wp\/v2\/posts"}],"about":[{"href":"https:\/\/hostnetart.com.br\/baixada\/wp-json\/wp\/v2\/types\/post"}],"author":[{"embeddable":true,"href":"https:\/\/hostnetart.com.br\/baixada\/wp-json\/wp\/v2\/users\/2"}],"replies":[{"embeddable":true,"href":"https:\/\/hostnetart.com.br\/baixada\/wp-json\/wp\/v2\/comments?post=9661"}],"version-history":[{"count":0,"href":"https:\/\/hostnetart.com.br\/baixada\/wp-json\/wp\/v2\/posts\/9661\/revisions"}],"wp:featuredmedia":[{"embeddable":true,"href":"https:\/\/hostnetart.com.br\/baixada\/wp-json\/wp\/v2\/media\/9660"}],"wp:attachment":[{"href":"https:\/\/hostnetart.com.br\/baixada\/wp-json\/wp\/v2\/media?parent=9661"}],"wp:term":[{"taxonomy":"category","embeddable":true,"href":"https:\/\/hostnetart.com.br\/baixada\/wp-json\/wp\/v2\/categories?post=9661"},{"taxonomy":"post_tag","embeddable":true,"href":"https:\/\/hostnetart.com.br\/baixada\/wp-json\/wp\/v2\/tags?post=9661"}],"curies":[{"name":"wp","href":"https:\/\/api.w.org\/{rel}","templated":true}]}}