{"id":966,"date":"2014-04-07T00:00:00","date_gmt":"2014-04-07T03:00:00","guid":{"rendered":"https:\/\/hostnetart.com.br\/baixada\/ex-presidente-da-cut-vai-presidir-confederacao-sindical-internacional\/"},"modified":"2014-04-07T00:00:00","modified_gmt":"2014-04-07T03:00:00","slug":"ex-presidente-da-cut-vai-presidir-confederacao-sindical-internacional","status":"publish","type":"post","link":"https:\/\/hostnetart.com.br\/baixada\/ex-presidente-da-cut-vai-presidir-confederacao-sindical-internacional\/","title":{"rendered":"Ex-presidente da CUT vai presidir Confedera\u00e7\u00e3o Sindical Internacional"},"content":{"rendered":"<p>O presidente da Central \u00danica dos Trabalhadores (CUT), Vagner Freitas, avalia que a \u201cescolha do ex-presidente da CUT, Jo\u00e3o Fel\u00edcio, para presidir a Confedera\u00e7\u00e3o Sindical Internacional (CSI) \u00e9 um reconhecimento do protagonismo cutista e da unidade do movimento sindical brasileiro, da a\u00e7\u00e3o que temos desempenhado para o avan\u00e7o de um projeto de inclus\u00e3o social em nosso pa\u00eds\u201d.<\/p>\n<p>Para Vagner, \u201csem as conquistas que melhoraram a vida do povo brasileiro, sem os avan\u00e7os na economia, na pol\u00edtica e na cultura, tamanho respaldo do sindicalismo mundial n\u00e3o teria sido poss\u00edvel\u201d.<\/p>\n<p>A aprova\u00e7\u00e3o do nome de Jo\u00e3o Fel\u00edcio, secret\u00e1rio de Rela\u00e7\u00f5es Internacionais da CUT, ocorreu na quarta-feira (2), em Bruxelas, com a presen\u00e7a de lideran\u00e7as das principais centrais dos cinco continentes. A decis\u00e3o ser\u00e1 referendada na reuni\u00e3o do Conselho Geral da CSI, que ocorre ap\u00f3s o Congresso da entidade, entre os dias 18 e 23 de maio, em Berlim.<\/p>\n<p>Vagner agradeceu o apoio do presidente da Uni\u00e3o Geral dos Trabalhadores, Ricardo Patah; do secret\u00e1rio-geral da For\u00e7a Sindical, Jo\u00e3o Carlos Gon\u00e7alves (Juruna), e de Carlos Alberto de Azevedo, presidente da Confedera\u00e7\u00e3o Nacional das Profiss\u00f5es Liberais (CNPL), centrais que, junto com a CUT, comp\u00f5em a CSI e que estiveram unidas com os cutistas em Bruxelas.<\/p>\n<p>\u201cTemos orgulho das rela\u00e7\u00f5es s\u00e9rias, cordiais e respeitosas constru\u00eddas com o sindicalismo brasileiro. Acredito que, com esta unidade, vamos levar \u00e0s ruas de S\u00e3o Paulo, no ato do dia 9 de abril, 50 mil trabalhadores e trabalhadoras para pressionar o governo, o Congresso Nacional e os empres\u00e1rios pela pauta sindical\u201d, destacou Vagner.<\/p>\n<p><strong>Jo\u00e3o Fel\u00edcio, primeiro latino-americano na presid\u00eancia da CSI<\/strong><\/p>\n<p>De acordo com Jo\u00e3o Fel\u00edcio, a elei\u00e7\u00e3o de um dirigente da CUT para presidir a CSI \u00e9 \u201cuma demonstra\u00e7\u00e3o da import\u00e2ncia do sindicalismo brasileiro, da unidade em torno de uma candidatura\u201d.<\/p>\n<p>Para ele, \u201ca defini\u00e7\u00e3o refor\u00e7a nossa responsabilidade de avan\u00e7ar na consolida\u00e7\u00e3o de conquistas para a classe trabalhadora. O reconhecimento mundial ao sindicalismo praticado pela CUT coroa uma vis\u00e3o de que devemos refor\u00e7ar a luta com uma a\u00e7\u00e3o pela base, de enfrentamento \u00e0 globaliza\u00e7\u00e3o neoliberal\u201d, enfatizou.<\/p>\n<p>O fato de que pela primeira vez um latino-americano ir\u00e1 presidir a entidade, acrescentou Jo\u00e3o Fel\u00edcio, dialoga com a resist\u00eancia da classe no continente, que tem sabido exercer seu protagonismo \u201ccom luta e mobiliza\u00e7\u00e3o contra o desemprego e a retirada de direitos, mas tamb\u00e9m indo al\u00e9m dos temas relacionados ao mundo do trabalho\u201d.<\/p>\n<p>\u201cNosso projeto desde j\u00e1 \u00e9 vitorioso. Creio que teremos uma CSI mais de luta, mais organizada, mais pela base, representando todos os continentes, fortalecendo a unidade Norte e Sul. Nosso objetivo \u00e9 contribuir com a experi\u00eancia que temos relacionando a pauta trabalhista com mudan\u00e7as sociais no papel do Estado para a democratiza\u00e7\u00e3o das rela\u00e7\u00f5es do trabalho e do desenvolvimento dos nossos pa\u00edses e povos\u201d, declarou.<\/p>\n<p>A experi\u00eancia de Jo\u00e3o Fel\u00edcio, que j\u00e1 foi presidente e secret\u00e1rio geral da CUT e presidente da Apeoesp (Sindicato dos Professores da Rede Estadual de Ensino de S\u00e3o Paulo) \u2013 a maior entidade sindical da Am\u00e9rica Latina \u2013 somou na indica\u00e7\u00e3o. A principal entidade de representa\u00e7\u00e3o da classe trabalhadora em todo o mundo congrega 175 milh\u00f5es de trabalhadores e trabalhadoras, associados a 311 entidades filiadas em 155 pa\u00edses e territ\u00f3rios.<\/p>\n<p>Entre outras lideran\u00e7as, estiveram presentes em Bruxelas lideran\u00e7as da CUT do Chile; CUT da Col\u00f4mbia; DGB da Alemanha; AFL-CIO dos Estados Unidos; CLC do Canad\u00e1; CGT, CFDT e FO da Fran\u00e7a; CCOO, UGT e USO da Espanha; CGIL, CISL e UIL da It\u00e1lia; CSC B\u00e9lgica; todas as centrais escandinavas (Dinamarca, Su\u00e9cia e Noruega); TUC da Inglaterra; FNPR da R\u00fassia; Cosatu da \u00c1frica do Sul; UNTA de Angola; JTUC do Jap\u00e3o; representantes da Confedera\u00e7\u00e3o Sindical dos Trabalhadores e Trabalhadoras das Am\u00e9ricas (CSA) e da CSI \u00c1frica.<\/p>\n<p>Fonte: Leonardo Severo \u2013 CUT<\/p>\n","protected":false},"excerpt":{"rendered":"<p>O presidente da Central \u00danica dos Trabalhadores (CUT), Vagner Freitas, avalia que a \u201cescolha do ex-presidente da CUT, Jo\u00e3o Fel\u00edcio, para presidir a Confedera\u00e7\u00e3o Sindical Internacional (CSI) \u00e9 um reconhecimento do protagonismo cutista e da unidade do movimento sindical brasileiro, da a\u00e7\u00e3o que temos desempenhado para o avan\u00e7o de um projeto de inclus\u00e3o social em [&hellip;]<\/p>\n","protected":false},"author":1,"featured_media":0,"comment_status":"","ping_status":"","sticky":false,"template":"","format":"standard","meta":{"footnotes":""},"categories":[3],"tags":[],"class_list":["post-966","post","type-post","status-publish","format-standard","hentry","category-noticias"],"_links":{"self":[{"href":"https:\/\/hostnetart.com.br\/baixada\/wp-json\/wp\/v2\/posts\/966","targetHints":{"allow":["GET"]}}],"collection":[{"href":"https:\/\/hostnetart.com.br\/baixada\/wp-json\/wp\/v2\/posts"}],"about":[{"href":"https:\/\/hostnetart.com.br\/baixada\/wp-json\/wp\/v2\/types\/post"}],"author":[{"embeddable":true,"href":"https:\/\/hostnetart.com.br\/baixada\/wp-json\/wp\/v2\/users\/1"}],"replies":[{"embeddable":true,"href":"https:\/\/hostnetart.com.br\/baixada\/wp-json\/wp\/v2\/comments?post=966"}],"version-history":[{"count":0,"href":"https:\/\/hostnetart.com.br\/baixada\/wp-json\/wp\/v2\/posts\/966\/revisions"}],"wp:attachment":[{"href":"https:\/\/hostnetart.com.br\/baixada\/wp-json\/wp\/v2\/media?parent=966"}],"wp:term":[{"taxonomy":"category","embeddable":true,"href":"https:\/\/hostnetart.com.br\/baixada\/wp-json\/wp\/v2\/categories?post=966"},{"taxonomy":"post_tag","embeddable":true,"href":"https:\/\/hostnetart.com.br\/baixada\/wp-json\/wp\/v2\/tags?post=966"}],"curies":[{"name":"wp","href":"https:\/\/api.w.org\/{rel}","templated":true}]}}