{"id":9657,"date":"2020-09-18T03:10:59","date_gmt":"2020-09-18T06:10:59","guid":{"rendered":"https:\/\/hostnetart.com.br\/baixada\/coletivo-nacional-de-comunicacao-avalia-campanha-nacional\/"},"modified":"2020-09-18T03:10:59","modified_gmt":"2020-09-18T06:10:59","slug":"coletivo-nacional-de-comunicacao-avalia-campanha-nacional","status":"publish","type":"post","link":"https:\/\/hostnetart.com.br\/baixada\/coletivo-nacional-de-comunicacao-avalia-campanha-nacional\/","title":{"rendered":"Coletivo Nacional de Comunica\u00e7\u00e3o avalia Campanha Nacional"},"content":{"rendered":"<p>Vitoriosa. Foi assim que o Coletivo Nacional de Comunica\u00e7\u00e3o avaliou a Campanha Nacional 2020 durante reuni\u00e3o realizada na tarde desta quinta-feira (17), por videoconfer\u00eancia. Profissionais de comunica\u00e7\u00e3o e secret\u00e1rios de imprensa de sindicatos de todo o pa\u00eds participaram do encontro para debater os erros e os acertos de comunica\u00e7\u00e3o cometidos durante o per\u00edodo de negocia\u00e7\u00e3o.<\/p>\n<p>\u201cFoi uma campanha hist\u00f3rica. Tivemos que sair completamente do que est\u00e1vamos acostumados a fazer, para criar uma estrat\u00e9gia nova, por conta de todas as restri\u00e7\u00f5es causadas pela pandemia. Erramos algumas vezes, mas consertamos e aprendemos com cada um deles. Nossa certeza \u00e9 a de que esses aprendizados ficar\u00e3o como legados para a nossa categoria, que ir\u00e1 continuar a evoluir nos v\u00e1rios formatos de mobiliza\u00e7\u00e3o\u201d, afirmou Gerson Carlos Pereira, secret\u00e1rio de Comunica\u00e7\u00e3o da Confedera\u00e7\u00e3o Nacional dos Trabalhadores do Ramo Financeiro (Contraf-CUT).<\/p>\n<h3>Redes sociais<\/h3>\n<p>A Contraf-CUT apresentou dados que mostram a grande participa\u00e7\u00e3o da categoria na Campanha Nacional por meio das redes sociais, assim como o crescimento de suas redes.<\/p>\n<p>\u201c\u00c9 importante mantermos nossa mobiliza\u00e7\u00e3o nas redes sociais para sermos cada vez mais fortes. Os dirigentes sindicais precisam aprimorar seus conhecimentos e as formas de utilizar esse meio de comunica\u00e7\u00e3o que \u00e9 muito importante para ampliar nosso di\u00e1logo com a categoria. Os sindicatos, todos devem estar atentos a essa forma de comunica\u00e7\u00e3o e, aqueles que ainda n\u00e3o t\u00eam perfis em todas as redes, precisa criar e utiliz\u00e1-los\u201d, completou.<\/p>\n<p><strong>Fonte: Contraf-CUT<\/strong><\/p>\n","protected":false},"excerpt":{"rendered":"<p>Vitoriosa. Foi assim que o Coletivo Nacional de Comunica\u00e7\u00e3o avaliou a Campanha Nacional 2020 durante reuni\u00e3o realizada na tarde desta quinta-feira (17), por videoconfer\u00eancia. Profissionais de comunica\u00e7\u00e3o e secret\u00e1rios de imprensa de sindicatos de todo o pa\u00eds participaram do encontro para debater os erros e os acertos de comunica\u00e7\u00e3o cometidos durante o per\u00edodo de negocia\u00e7\u00e3o. [&hellip;]<\/p>\n","protected":false},"author":2,"featured_media":9656,"comment_status":"","ping_status":"","sticky":false,"template":"","format":"standard","meta":{"footnotes":""},"categories":[3],"tags":[],"class_list":["post-9657","post","type-post","status-publish","format-standard","has-post-thumbnail","hentry","category-noticias"],"_links":{"self":[{"href":"https:\/\/hostnetart.com.br\/baixada\/wp-json\/wp\/v2\/posts\/9657","targetHints":{"allow":["GET"]}}],"collection":[{"href":"https:\/\/hostnetart.com.br\/baixada\/wp-json\/wp\/v2\/posts"}],"about":[{"href":"https:\/\/hostnetart.com.br\/baixada\/wp-json\/wp\/v2\/types\/post"}],"author":[{"embeddable":true,"href":"https:\/\/hostnetart.com.br\/baixada\/wp-json\/wp\/v2\/users\/2"}],"replies":[{"embeddable":true,"href":"https:\/\/hostnetart.com.br\/baixada\/wp-json\/wp\/v2\/comments?post=9657"}],"version-history":[{"count":0,"href":"https:\/\/hostnetart.com.br\/baixada\/wp-json\/wp\/v2\/posts\/9657\/revisions"}],"wp:featuredmedia":[{"embeddable":true,"href":"https:\/\/hostnetart.com.br\/baixada\/wp-json\/wp\/v2\/media\/9656"}],"wp:attachment":[{"href":"https:\/\/hostnetart.com.br\/baixada\/wp-json\/wp\/v2\/media?parent=9657"}],"wp:term":[{"taxonomy":"category","embeddable":true,"href":"https:\/\/hostnetart.com.br\/baixada\/wp-json\/wp\/v2\/categories?post=9657"},{"taxonomy":"post_tag","embeddable":true,"href":"https:\/\/hostnetart.com.br\/baixada\/wp-json\/wp\/v2\/tags?post=9657"}],"curies":[{"name":"wp","href":"https:\/\/api.w.org\/{rel}","templated":true}]}}