{"id":9655,"date":"2020-09-17T21:25:33","date_gmt":"2020-09-18T00:25:33","guid":{"rendered":"https:\/\/hostnetart.com.br\/baixada\/sem-direito-a-home-office-periferia-tem-o-dobro-da-contaminacao-por-covid-19-que-em-bairros-ricos\/"},"modified":"2020-09-17T21:25:33","modified_gmt":"2020-09-18T00:25:33","slug":"sem-direito-a-home-office-periferia-tem-o-dobro-da-contaminacao-por-covid-19-que-em-bairros-ricos","status":"publish","type":"post","link":"https:\/\/hostnetart.com.br\/baixada\/sem-direito-a-home-office-periferia-tem-o-dobro-da-contaminacao-por-covid-19-que-em-bairros-ricos\/","title":{"rendered":"Sem direito a \u2018home office\u2019, periferia tem o dobro da contamina\u00e7\u00e3o por covid-19 que em bairros ricos"},"content":{"rendered":"<p>A popula\u00e7\u00e3o da periferia de S\u00e3o Paulo tem o dobro de taxa de contamina\u00e7\u00e3o pela covid-19 em rela\u00e7\u00e3o aos bairros mais ricos da cidade. Enquanto as regi\u00f5es com \u00cdndice de Desenvolvimento Humano (IDH) mais alto t\u00eam preval\u00eancia de 9,5% de pessoas contaminadas, as \u00e1reas com IDH baixo t\u00eam preval\u00eancia de 19,1%. Os bairros com IDH m\u00e9dio apresentam \u00edndice de 13,2%. Em toda a cidade, a preval\u00eancia \u00e9 de 13,9%. No entanto, houve 53% de aumento de casos de covid-19 nas \u00e1reas mais ricas, em 10 dias. Na periferia, o aumento foi 36%. Os dados s\u00e3o da\u00a0<a href=\"http:\/\/www.capital.sp.gov.br\/\" target=\"_blank\" rel=\"noopener noreferrer\">quinta fase do inqu\u00e9rito sorol\u00f3gico<\/a>\u00a0realizado pela prefeitura de S\u00e3o Paulo, apresentados hoje (17).<\/p>\n<p class=\"has-background has-very-light-gray-background-color\"><strong>\u2022\u00a0<\/strong><a href=\"https:\/\/www.redebrasilatual.com.br\/saude-e-ciencia\/2020\/08\/mortes-covid-19-bairros-pobres\/\" target=\"_blank\" rel=\"noopener noreferrer\">Bairros pobres de S\u00e3o Paulo acumulam o dobro de mortes por covid-19 que os mais ricos<\/a><\/p>\n<p>Segundo o secret\u00e1rio Municipal da Sa\u00fade, Edson Aparecido, o aumento de casos de covid-19 nas \u00e1reas ricas parece estar relacionado com a redu\u00e7\u00e3o nas medidas de higiene e distanciamento social. A conduta insegura \u00e9 comprovada por bares lotados e pessoas circulando sem m\u00e1scara nas \u00faltimas semanas. Por outro lado, o maior \u00edndice de contamina\u00e7\u00e3o por covid-19 na periferia est\u00e1 relacionado com a impossibilidade ou dificuldade das pessoas para trabalharem em\u00a0<em>home office<\/em>. E isso, tanto para trabalhadores formais, seja porque s\u00e3o obrigados ao trabalho presencial, seja por ser tecnicamente invi\u00e1vel, quanto para os na informalidade.<\/p>\n<h2><span style=\"text-decoration: underline;\">Pandemia desigual<\/span><\/h2>\n<p>Os dados n\u00e3o indiquem diferen\u00e7a significativa na contamina\u00e7\u00e3o entre quem utiliza ou n\u00e3o o transporte coletivo para ir ao local de trabalho \u2013 14,1% e 13,5%, respectivamente. Por\u00e9m, h\u00e1 um claro aumento no risco de ser contaminado pela covid-19 para quem manteve o trabalho fora de casa \u2013 majoritariamente quem vive na periferia. A preval\u00eancia de contamina\u00e7\u00e3o entre quem est\u00e1 em\u00a0<em>home office<\/em>\u00a0\u00e9 de 7,2%. J\u00e1 entre quem trabalhou fora o \u00edndice de contamina\u00e7\u00e3o \u00e9 mais que o dobro: 18,9%.<\/p>\n<p>A quinta fase do inqu\u00e9rito sorol\u00f3gico confirmou os dados das fases anteriores quanto \u00e0 preval\u00eancia maior da doen\u00e7a entre a popula\u00e7\u00e3o preta e parda e entre as classes D e E, ressaltando as desigualdades na pandemia. No primeiro caso, a popula\u00e7\u00e3o negra apresenta \u00edndice de contamina\u00e7\u00e3o de 17,4%, enquanto na popula\u00e7\u00e3o branca \u00e9 de 10,7%. J\u00e1 entre classes sociais, a preval\u00eancia na classe A\/B \u00e9 de apenas 3,1%, enquanto na classe D\/E \u00e9 de 18,7%. Os \u00edndices tamb\u00e9m s\u00e3o maiores em pessoas com idade entre 18 e 34 anos (15,4%) e em pessoas de 35 a 49 anos (14,6%).<\/p>\n<p><strong>Fonte: Rede Brasil Atual<\/strong><\/p>\n","protected":false},"excerpt":{"rendered":"<p>A popula\u00e7\u00e3o da periferia de S\u00e3o Paulo tem o dobro de taxa de contamina\u00e7\u00e3o pela covid-19 em rela\u00e7\u00e3o aos bairros mais ricos da cidade. Enquanto as regi\u00f5es com \u00cdndice de Desenvolvimento Humano (IDH) mais alto t\u00eam preval\u00eancia de 9,5% de pessoas contaminadas, as \u00e1reas com IDH baixo t\u00eam preval\u00eancia de 19,1%. Os bairros com IDH [&hellip;]<\/p>\n","protected":false},"author":2,"featured_media":9654,"comment_status":"","ping_status":"","sticky":false,"template":"","format":"standard","meta":{"footnotes":""},"categories":[3],"tags":[],"class_list":["post-9655","post","type-post","status-publish","format-standard","has-post-thumbnail","hentry","category-noticias"],"_links":{"self":[{"href":"https:\/\/hostnetart.com.br\/baixada\/wp-json\/wp\/v2\/posts\/9655","targetHints":{"allow":["GET"]}}],"collection":[{"href":"https:\/\/hostnetart.com.br\/baixada\/wp-json\/wp\/v2\/posts"}],"about":[{"href":"https:\/\/hostnetart.com.br\/baixada\/wp-json\/wp\/v2\/types\/post"}],"author":[{"embeddable":true,"href":"https:\/\/hostnetart.com.br\/baixada\/wp-json\/wp\/v2\/users\/2"}],"replies":[{"embeddable":true,"href":"https:\/\/hostnetart.com.br\/baixada\/wp-json\/wp\/v2\/comments?post=9655"}],"version-history":[{"count":0,"href":"https:\/\/hostnetart.com.br\/baixada\/wp-json\/wp\/v2\/posts\/9655\/revisions"}],"wp:featuredmedia":[{"embeddable":true,"href":"https:\/\/hostnetart.com.br\/baixada\/wp-json\/wp\/v2\/media\/9654"}],"wp:attachment":[{"href":"https:\/\/hostnetart.com.br\/baixada\/wp-json\/wp\/v2\/media?parent=9655"}],"wp:term":[{"taxonomy":"category","embeddable":true,"href":"https:\/\/hostnetart.com.br\/baixada\/wp-json\/wp\/v2\/categories?post=9655"},{"taxonomy":"post_tag","embeddable":true,"href":"https:\/\/hostnetart.com.br\/baixada\/wp-json\/wp\/v2\/tags?post=9655"}],"curies":[{"name":"wp","href":"https:\/\/api.w.org\/{rel}","templated":true}]}}