{"id":9647,"date":"2020-09-16T14:45:10","date_gmt":"2020-09-16T17:45:10","guid":{"rendered":"https:\/\/hostnetart.com.br\/baixada\/itau-quebra-compromisso-e-demite-durante-a-pandemia\/"},"modified":"2020-09-16T14:45:10","modified_gmt":"2020-09-16T17:45:10","slug":"itau-quebra-compromisso-e-demite-durante-a-pandemia","status":"publish","type":"post","link":"https:\/\/hostnetart.com.br\/baixada\/itau-quebra-compromisso-e-demite-durante-a-pandemia\/","title":{"rendered":"Ita\u00fa quebra compromisso e demite durante a pandemia"},"content":{"rendered":"<p>A Comiss\u00e3o de Organiza\u00e7\u00e3o dos Empregados (COE) do Ita\u00fa se reuniu nesta ter\u00e7a-feira (15) com representantes do banco para protestar contra as demiss\u00f5es que ocorreram em v\u00e1rias cidades. Os desligamentos contrariam o compromisso da dire\u00e7\u00e3o do Ita\u00fa de n\u00e3o demitir durante a pandemia do coronav\u00edrus (Covid-19). Foram 130 demiss\u00f5es somente na \u00e1rea de Ve\u00edculos, al\u00e9m de outras que ocorrem nas ag\u00eancias. Os representantes do Ita\u00fa disseram inicialmente que os desligamentos ocorreram na \u00e1rea de Ve\u00edculos. No entanto, membros da COE afirmaram que tamb\u00e9m foram registradas demiss\u00f5es em ag\u00eancias, fato admitido pelo banco.<\/p>\n<p>O Ita\u00fa teve um lucro de R$ 28 bilh\u00f5es no ano o passado, desenvolve uma campanha para mostrar seu lado humano na pandemia, mas demite funcion\u00e1rios durante a maior crise sanit\u00e1ria vivida pelo pa\u00eds nos \u00faltimos 100 anos. \u201cEles t\u00eam gordura financeira para segurar seus funcion\u00e1rios. Fomos pegos de surpresa nesse momento cr\u00edtico. N\u00e3o cumpriram o compromisso de n\u00e3o demitir na pandemia. Queremos que o banco reveja essas demiss\u00f5es e discuta a realoca\u00e7\u00e3o desses funcion\u00e1rios\u201d, afirmou Jair Alves, coordenador da COE do Ita\u00fa.<\/p>\n<p><strong>Campanha<\/strong><\/p>\n<p>Mesmo reafirmando a import\u00e2ncia do di\u00e1logo na mesa de negocia\u00e7\u00f5es, os membros da COE decidiram refor\u00e7ar o di\u00e1logo com os funcion\u00e1rios do banco e preparar uma campanha para denunciar as demiss\u00f5es no Ita\u00fa. A den\u00fancia da quebra do compromisso ser\u00e1 divulgada nas redes sociais. Nesta ter\u00e7a-feira (15) houve um primeiro ensaio da campanha com um tuita\u00e7o \u00e0s 14h, uma hora antes da reuni\u00e3o da COE com os representantes do banco. A hashtag digitada para protestar contra as demiss\u00f5es era #Ita\u00faPareDeDemitir.<\/p>\n<p>Na reuni\u00e3o com a COE, os representantes do Ita\u00fa informaram que realocaram 70% dos funcion\u00e1rios da \u00e1rea de ve\u00edculos que inicialmente iriam ser demitidos. Os membros da COE cobraram mais transpar\u00eancia nos n\u00fameros de funcion\u00e1rios a serem atingidos pelas mudan\u00e7as e que todos, e n\u00e3o apenas 70%, sejam realocados em outras \u00e1reas da institui\u00e7\u00e3o.<\/p>\n<p>Por\u00e9m, as demiss\u00f5es n\u00e3o ficaram restritas \u00e0 \u00e1rea de Ve\u00edculos. \u201cEssas demiss\u00f5es v\u00eam ocorrendo no Brasil todo, principalmente, nos cargos de ger\u00eancia. Tivemos tamb\u00e9m demiss\u00f5es de caixa dentro de agencias\u201d, completou Jair Alves. Tamb\u00e9m foi levantado pela COE Ita\u00fa que o banco est\u00e1 demitindo companheiros adoecidos e at\u00e9 mesmo outros que tinham recebido pr\u00eamios por bom desempenho. Membros da COE cobraram que o banco realize exames demissionais criteriosos.<\/p>\n<p>Jair Alves disse que os desligamentos tamb\u00e9m levantam a quest\u00e3o da volta das homologa\u00e7\u00f5es serem feitas nos sindicatos da categoria. Esse ser\u00e1 um dos pontos a serem discutidos nas pr\u00f3ximas reuni\u00f5es da COE com os representes do banco onde o debate central ser\u00e1 o das demiss\u00f5es durante a pandemia.<\/p>\n<p><strong>Fonte: Contraf-CUT<\/strong><\/p>\n","protected":false},"excerpt":{"rendered":"<p>A Comiss\u00e3o de Organiza\u00e7\u00e3o dos Empregados (COE) do Ita\u00fa se reuniu nesta ter\u00e7a-feira (15) com representantes do banco para protestar contra as demiss\u00f5es que ocorreram em v\u00e1rias cidades. Os desligamentos contrariam o compromisso da dire\u00e7\u00e3o do Ita\u00fa de n\u00e3o demitir durante a pandemia do coronav\u00edrus (Covid-19). Foram 130 demiss\u00f5es somente na \u00e1rea de Ve\u00edculos, al\u00e9m [&hellip;]<\/p>\n","protected":false},"author":2,"featured_media":9646,"comment_status":"","ping_status":"","sticky":false,"template":"","format":"standard","meta":{"footnotes":""},"categories":[3],"tags":[],"class_list":["post-9647","post","type-post","status-publish","format-standard","has-post-thumbnail","hentry","category-noticias"],"_links":{"self":[{"href":"https:\/\/hostnetart.com.br\/baixada\/wp-json\/wp\/v2\/posts\/9647","targetHints":{"allow":["GET"]}}],"collection":[{"href":"https:\/\/hostnetart.com.br\/baixada\/wp-json\/wp\/v2\/posts"}],"about":[{"href":"https:\/\/hostnetart.com.br\/baixada\/wp-json\/wp\/v2\/types\/post"}],"author":[{"embeddable":true,"href":"https:\/\/hostnetart.com.br\/baixada\/wp-json\/wp\/v2\/users\/2"}],"replies":[{"embeddable":true,"href":"https:\/\/hostnetart.com.br\/baixada\/wp-json\/wp\/v2\/comments?post=9647"}],"version-history":[{"count":0,"href":"https:\/\/hostnetart.com.br\/baixada\/wp-json\/wp\/v2\/posts\/9647\/revisions"}],"wp:featuredmedia":[{"embeddable":true,"href":"https:\/\/hostnetart.com.br\/baixada\/wp-json\/wp\/v2\/media\/9646"}],"wp:attachment":[{"href":"https:\/\/hostnetart.com.br\/baixada\/wp-json\/wp\/v2\/media?parent=9647"}],"wp:term":[{"taxonomy":"category","embeddable":true,"href":"https:\/\/hostnetart.com.br\/baixada\/wp-json\/wp\/v2\/categories?post=9647"},{"taxonomy":"post_tag","embeddable":true,"href":"https:\/\/hostnetart.com.br\/baixada\/wp-json\/wp\/v2\/tags?post=9647"}],"curies":[{"name":"wp","href":"https:\/\/api.w.org\/{rel}","templated":true}]}}