{"id":9645,"date":"2020-09-15T20:04:08","date_gmt":"2020-09-15T23:04:08","guid":{"rendered":"https:\/\/hostnetart.com.br\/baixada\/contraf-cut-reivindica-antecipacao-e-mercantil-do-brasil-pagara-plr-e-abono-no-dia-18\/"},"modified":"2020-09-15T20:04:08","modified_gmt":"2020-09-15T23:04:08","slug":"contraf-cut-reivindica-antecipacao-e-mercantil-do-brasil-pagara-plr-e-abono-no-dia-18","status":"publish","type":"post","link":"https:\/\/hostnetart.com.br\/baixada\/contraf-cut-reivindica-antecipacao-e-mercantil-do-brasil-pagara-plr-e-abono-no-dia-18\/","title":{"rendered":"Contraf-CUT reivindica antecipa\u00e7\u00e3o e Mercantil do Brasil pagar\u00e1 PLR e abono no dia 18"},"content":{"rendered":"<p>O Mercantil do Brasil atendeu a reivindica\u00e7\u00e3o da Confedera\u00e7\u00e3o Nacional dos Trabalhadores do Ramo Financeiro (Contraf-CUT) e anunciou que realizar\u00e1 o pagamento da PLR e do abono de R$ 2 mil a seus funcion\u00e1rios e funcion\u00e1rias nesta sexta-feira (18).<\/p>\n<p>Para a maioria dos funcion\u00e1rios, os valores de PLR obedecer\u00e3o \u00e0s regras da Conven\u00e7\u00e3o Coletiva de Trabalho, com o Mercantil distribuindo o limite de 13,8% do lucro de forma proporcional. A PLR adicional ser\u00e1 de aproximadamente R$ 550,00, com a distribui\u00e7\u00e3o linear de 2,2% do lucro apurado.<\/p>\n<p>Os valores vir\u00e3o junto \u00e0 folha de pagamento, j\u00e1 com os sal\u00e1rios reajustados em 1,5%.<\/p>\n<p><strong>Fonte: Contraf-CUT<\/strong><\/p>\n","protected":false},"excerpt":{"rendered":"<p>O Mercantil do Brasil atendeu a reivindica\u00e7\u00e3o da Confedera\u00e7\u00e3o Nacional dos Trabalhadores do Ramo Financeiro (Contraf-CUT) e anunciou que realizar\u00e1 o pagamento da PLR e do abono de R$ 2 mil a seus funcion\u00e1rios e funcion\u00e1rias nesta sexta-feira (18). Para a maioria dos funcion\u00e1rios, os valores de PLR obedecer\u00e3o \u00e0s regras da Conven\u00e7\u00e3o Coletiva de [&hellip;]<\/p>\n","protected":false},"author":2,"featured_media":9644,"comment_status":"","ping_status":"","sticky":false,"template":"","format":"standard","meta":{"footnotes":""},"categories":[3],"tags":[],"class_list":["post-9645","post","type-post","status-publish","format-standard","has-post-thumbnail","hentry","category-noticias"],"_links":{"self":[{"href":"https:\/\/hostnetart.com.br\/baixada\/wp-json\/wp\/v2\/posts\/9645","targetHints":{"allow":["GET"]}}],"collection":[{"href":"https:\/\/hostnetart.com.br\/baixada\/wp-json\/wp\/v2\/posts"}],"about":[{"href":"https:\/\/hostnetart.com.br\/baixada\/wp-json\/wp\/v2\/types\/post"}],"author":[{"embeddable":true,"href":"https:\/\/hostnetart.com.br\/baixada\/wp-json\/wp\/v2\/users\/2"}],"replies":[{"embeddable":true,"href":"https:\/\/hostnetart.com.br\/baixada\/wp-json\/wp\/v2\/comments?post=9645"}],"version-history":[{"count":0,"href":"https:\/\/hostnetart.com.br\/baixada\/wp-json\/wp\/v2\/posts\/9645\/revisions"}],"wp:featuredmedia":[{"embeddable":true,"href":"https:\/\/hostnetart.com.br\/baixada\/wp-json\/wp\/v2\/media\/9644"}],"wp:attachment":[{"href":"https:\/\/hostnetart.com.br\/baixada\/wp-json\/wp\/v2\/media?parent=9645"}],"wp:term":[{"taxonomy":"category","embeddable":true,"href":"https:\/\/hostnetart.com.br\/baixada\/wp-json\/wp\/v2\/categories?post=9645"},{"taxonomy":"post_tag","embeddable":true,"href":"https:\/\/hostnetart.com.br\/baixada\/wp-json\/wp\/v2\/tags?post=9645"}],"curies":[{"name":"wp","href":"https:\/\/api.w.org\/{rel}","templated":true}]}}