{"id":9643,"date":"2020-09-15T13:36:16","date_gmt":"2020-09-15T16:36:16","guid":{"rendered":"https:\/\/hostnetart.com.br\/baixada\/empregados-do-bndes-deliberam-nesta-terca-15-sobre-clausulas-economicas-do-act-2020\/"},"modified":"2020-09-15T13:36:16","modified_gmt":"2020-09-15T16:36:16","slug":"empregados-do-bndes-deliberam-nesta-terca-15-sobre-clausulas-economicas-do-act-2020","status":"publish","type":"post","link":"https:\/\/hostnetart.com.br\/baixada\/empregados-do-bndes-deliberam-nesta-terca-15-sobre-clausulas-economicas-do-act-2020\/","title":{"rendered":"Empregados do BNDES deliberam nesta ter\u00e7a (15) sobre cl\u00e1usulas econ\u00f4micas do ACT 2020"},"content":{"rendered":"<p>Os empregados do Banco Nacional de Desenvolvimento Econ\u00f4mico e Social (BNDES) deliberam, nesta ter\u00e7a-feira (15), das 17h \u00e0s 22h, sobre as cinco primeiras cl\u00e1usulas do Acordo Coletivo de Trabalho, que tratam exclusivamente das quest\u00f5es econ\u00f4micas do acordo. A Confedera\u00e7\u00e3o Nacional dos Trabalhadores do Ramo Financeiro (Contraf-CUT) recomenda a aprova\u00e7\u00e3o destas cinco cl\u00e1usulas. O link para acesso ao sistema de vota\u00e7\u00e3o eletr\u00f4nica estar\u00e1 dispon\u00edvel nesta ter\u00e7a-feira nos sites dos sindicatos.<\/p>\n<p>\u201c\u00c9 necess\u00e1rio aprovar estas cinco cl\u00e1usulas para que o corpo funcional possa receber as verbas definidas no acordo firmado pelo Comando Nacional dos Banc\u00e1rios com a Fenaban (Federa\u00e7\u00e3o Nacional dos Bancos) e evitar que haja perdas para os trabalhadores\u201d, explicou o vice-presidente e representante da Contraf-CUT na mesa de negocia\u00e7\u00f5es com o BNDES, Vin\u00edcius de Assump\u00e7\u00e3o.<\/p>\n<p>Vin\u00edcius disse que o banco procurou a Comiss\u00e3o de Negocia\u00e7\u00e3o dos Empregados na sexta-feira (11) com a proposta de fracionar a aprecia\u00e7\u00e3o do ACT de 2020 e, num acordo de cavalheiros, tamb\u00e9m informou que continuar\u00e1 ao longo do curso das negocia\u00e7\u00f5es \u2013 tal como vem fazendo desde 1\u00ba de setembro \u2013 n\u00e3o implementando os efeitos da perda de efic\u00e1cia das cl\u00e1usulas n\u00e3o-econ\u00f4micas do ACT 2018-2020 at\u00e9 o t\u00e9rmino das negocia\u00e7\u00f5es.<\/p>\n<p>\u201cEntendemos esses gestos como os primeiros de inequ\u00edvoca boa vontade da parte da administra\u00e7\u00e3o durante todo o processo de negocia\u00e7\u00e3o do ACT de 2020. Saudamos essas manifesta\u00e7\u00f5es como um indicador efetivo de disposi\u00e7\u00e3o negocial, o que nos faz acreditar que podemos chegar a um entendimento por essa via\u201d, disse o presidente da Associa\u00e7\u00e3o dos Funcion\u00e1rios do BNDES (<a href=\"http:\/\/www.afbndes.org.br\/\" target=\"_blank\" rel=\"noopener noreferrer\">AFBNDES<\/a>), Arthur Koblitz.<\/p>\n<p>Para discutir a proposta do banco antes da assembleia, a AFBNDES convocou os empregados para participarem de uma reuni\u00e3o virtual nesta segunda-feira, \u00e0s 17h30.<\/p>\n<h3><strong>Demais cl\u00e1usulas<\/strong><\/h3>\n<p>O dirigente da Contraf-CUT informou, ainda, que as\u00a0<a href=\"https:\/\/contrafcut.com.br\/noticias\/funcionarios-cobram-disposicao-do-bndes-para-o-acordo\" target=\"_blank\" rel=\"noopener noreferrer\">demais cl\u00e1usulas do acordo<\/a>\u00a0continuam no processo negocial.<\/p>\n<p>\u201cAs demais cl\u00e1usulas s\u00e3o vitais para o funcionalismo e para o movimento sindical e associativo. Por isso, as negocia\u00e7\u00f5es sobre elas continuam\u201d, disse ao se referir \u00e0s cl\u00e1usulas de estabilidade no emprego, da organiza\u00e7\u00e3o sindical, do plano de sa\u00fade e da Funda\u00e7\u00e3o de Assist\u00eancia e Previd\u00eancia Social do BNDES (Fapes).<\/p>\n<p><strong>Fonte: Contraf-CUT<\/strong><\/p>\n","protected":false},"excerpt":{"rendered":"<p>Os empregados do Banco Nacional de Desenvolvimento Econ\u00f4mico e Social (BNDES) deliberam, nesta ter\u00e7a-feira (15), das 17h \u00e0s 22h, sobre as cinco primeiras cl\u00e1usulas do Acordo Coletivo de Trabalho, que tratam exclusivamente das quest\u00f5es econ\u00f4micas do acordo. A Confedera\u00e7\u00e3o Nacional dos Trabalhadores do Ramo Financeiro (Contraf-CUT) recomenda a aprova\u00e7\u00e3o destas cinco cl\u00e1usulas. O link para [&hellip;]<\/p>\n","protected":false},"author":2,"featured_media":9642,"comment_status":"","ping_status":"","sticky":false,"template":"","format":"standard","meta":{"footnotes":""},"categories":[3],"tags":[],"class_list":["post-9643","post","type-post","status-publish","format-standard","has-post-thumbnail","hentry","category-noticias"],"_links":{"self":[{"href":"https:\/\/hostnetart.com.br\/baixada\/wp-json\/wp\/v2\/posts\/9643","targetHints":{"allow":["GET"]}}],"collection":[{"href":"https:\/\/hostnetart.com.br\/baixada\/wp-json\/wp\/v2\/posts"}],"about":[{"href":"https:\/\/hostnetart.com.br\/baixada\/wp-json\/wp\/v2\/types\/post"}],"author":[{"embeddable":true,"href":"https:\/\/hostnetart.com.br\/baixada\/wp-json\/wp\/v2\/users\/2"}],"replies":[{"embeddable":true,"href":"https:\/\/hostnetart.com.br\/baixada\/wp-json\/wp\/v2\/comments?post=9643"}],"version-history":[{"count":0,"href":"https:\/\/hostnetart.com.br\/baixada\/wp-json\/wp\/v2\/posts\/9643\/revisions"}],"wp:featuredmedia":[{"embeddable":true,"href":"https:\/\/hostnetart.com.br\/baixada\/wp-json\/wp\/v2\/media\/9642"}],"wp:attachment":[{"href":"https:\/\/hostnetart.com.br\/baixada\/wp-json\/wp\/v2\/media?parent=9643"}],"wp:term":[{"taxonomy":"category","embeddable":true,"href":"https:\/\/hostnetart.com.br\/baixada\/wp-json\/wp\/v2\/categories?post=9643"},{"taxonomy":"post_tag","embeddable":true,"href":"https:\/\/hostnetart.com.br\/baixada\/wp-json\/wp\/v2\/tags?post=9643"}],"curies":[{"name":"wp","href":"https:\/\/api.w.org\/{rel}","templated":true}]}}