{"id":9641,"date":"2020-09-15T13:35:07","date_gmt":"2020-09-15T16:35:07","guid":{"rendered":"https:\/\/hostnetart.com.br\/baixada\/bradesco-atende-pedidos-da-contraf-cut-e-dos-sindicatos-e-antecipa-o-pagamento-da-plr-para-o-dia-17\/"},"modified":"2020-09-15T13:35:07","modified_gmt":"2020-09-15T16:35:07","slug":"bradesco-atende-pedidos-da-contraf-cut-e-dos-sindicatos-e-antecipa-o-pagamento-da-plr-para-o-dia-17","status":"publish","type":"post","link":"https:\/\/hostnetart.com.br\/baixada\/bradesco-atende-pedidos-da-contraf-cut-e-dos-sindicatos-e-antecipa-o-pagamento-da-plr-para-o-dia-17\/","title":{"rendered":"Bradesco atende pedidos da Contraf-CUT e dos sindicatos e antecipa o pagamento da PLR para o dia 17"},"content":{"rendered":"<p>O Bradesco atendeu o pedido da Confedera\u00e7\u00e3o Nacional dos Trabalhadores do Ramo Financeiro (Contraf-CUT) e ir\u00e1 efetuar o pagamento da primeira parcela da Participa\u00e7\u00e3o nos Lucros e Resultados (PLR) na pr\u00f3xima quinta-feira (17). A d\u00e9cima terceira cesta de alimenta\u00e7\u00e3o ser\u00e1 paga no dia 28 de setembro. J\u00e1 o pagamento do abono ser\u00e1 efetuado junto com o sal\u00e1rio mensal.<\/p>\n<p>Os banc\u00e1rios receber\u00e3o a antecipa\u00e7\u00e3o da regra b\u00e1sica e da parcela adicional da PLR. A antecipa\u00e7\u00e3o da regra b\u00e1sica corresponde a 54% do sal\u00e1rio (j\u00e1 reajustado em 1,5%, como acordado na Campanha 2020) + valor fixo de R$ 1.517,73, com teto de R$ 8.141,83. A antecipa\u00e7\u00e3o da parcela adicional corresponde a 2,2% do lucro do semestre dividido entre os trabalhadores com teto de R$ 2.529,53.<\/p>\n<p><strong>Fonte: Contraf-CUT<\/strong><\/p>\n","protected":false},"excerpt":{"rendered":"<p>O Bradesco atendeu o pedido da Confedera\u00e7\u00e3o Nacional dos Trabalhadores do Ramo Financeiro (Contraf-CUT) e ir\u00e1 efetuar o pagamento da primeira parcela da Participa\u00e7\u00e3o nos Lucros e Resultados (PLR) na pr\u00f3xima quinta-feira (17). A d\u00e9cima terceira cesta de alimenta\u00e7\u00e3o ser\u00e1 paga no dia 28 de setembro. J\u00e1 o pagamento do abono ser\u00e1 efetuado junto com [&hellip;]<\/p>\n","protected":false},"author":2,"featured_media":9640,"comment_status":"","ping_status":"","sticky":false,"template":"","format":"standard","meta":{"footnotes":""},"categories":[3],"tags":[],"class_list":["post-9641","post","type-post","status-publish","format-standard","has-post-thumbnail","hentry","category-noticias"],"_links":{"self":[{"href":"https:\/\/hostnetart.com.br\/baixada\/wp-json\/wp\/v2\/posts\/9641","targetHints":{"allow":["GET"]}}],"collection":[{"href":"https:\/\/hostnetart.com.br\/baixada\/wp-json\/wp\/v2\/posts"}],"about":[{"href":"https:\/\/hostnetart.com.br\/baixada\/wp-json\/wp\/v2\/types\/post"}],"author":[{"embeddable":true,"href":"https:\/\/hostnetart.com.br\/baixada\/wp-json\/wp\/v2\/users\/2"}],"replies":[{"embeddable":true,"href":"https:\/\/hostnetart.com.br\/baixada\/wp-json\/wp\/v2\/comments?post=9641"}],"version-history":[{"count":0,"href":"https:\/\/hostnetart.com.br\/baixada\/wp-json\/wp\/v2\/posts\/9641\/revisions"}],"wp:featuredmedia":[{"embeddable":true,"href":"https:\/\/hostnetart.com.br\/baixada\/wp-json\/wp\/v2\/media\/9640"}],"wp:attachment":[{"href":"https:\/\/hostnetart.com.br\/baixada\/wp-json\/wp\/v2\/media?parent=9641"}],"wp:term":[{"taxonomy":"category","embeddable":true,"href":"https:\/\/hostnetart.com.br\/baixada\/wp-json\/wp\/v2\/categories?post=9641"},{"taxonomy":"post_tag","embeddable":true,"href":"https:\/\/hostnetart.com.br\/baixada\/wp-json\/wp\/v2\/tags?post=9641"}],"curies":[{"name":"wp","href":"https:\/\/api.w.org\/{rel}","templated":true}]}}